{"id":84317,"date":"2020-05-04T09:40:00","date_gmt":"2020-05-04T13:40:00","guid":{"rendered":"https:\/\/linitiative.ca\/International\/nizar-yaiche-je-ne-mattendais-pas-a-devenir-ministrepresque-tout-a-change-pour-moi\/"},"modified":"2020-05-04T09:40:00","modified_gmt":"2020-05-04T13:40:00","slug":"nizar-yaiche-je-ne-mattendais-pas-a-devenir-ministrepresque-tout-a-change-pour-moi","status":"publish","type":"post","link":"https:\/\/linitiative.ca\/International\/nizar-yaiche-je-ne-mattendais-pas-a-devenir-ministrepresque-tout-a-change-pour-moi\/","title":{"rendered":"Nizar Ya\u00efche: Je ne m\u2019attendais pas \u00e0 devenir ministre\u2026Presque tout a chang\u00e9 pour moi"},"content":{"rendered":"<p class=\"c2\"><strong>Pudique, discret, humble, Nizar Ya\u00efche n\u2019aime pas parler de lui. \u00ab C\u2019est secondaire \u00bb, ass\u00e8ne-t-il. Ni \u00e9cumer les plateaux TV. A 45 ans, ce matheux, ing\u00e9nieur dipl\u00f4m\u00e9 de l\u2019\u00c9cole Centrale de Paris (1998) aligne au compteur le pilotage de plus de 300 projets dans une trentaine de pays. Jusqu\u2019\u00e0 sa r\u00e9cente nomination \u00e0 la t\u00eate du minist\u00e8re des Finances, il \u00e9tait associ\u00e9 de PwC (Equity Partner), leader mondial de services intellectuels qui dispose de plus de 250 000 experts dans le monde et g\u00e9n\u00e8re plus de 40 milliards USD de chiffre d\u2019affaires par an.\u00a0 En tant que CEO et Partner de Ystrat, cabinet international de conseil en strat\u00e9gie et en nouvelles technologies, il a \u00e9t\u00e9 notamment directeur ex\u00e9cutif chez Tunisie T\u00e9l\u00e9com, consultant en strat\u00e9gie chez Booz Allen Hamilton (bureau de Duba\u00ef) et manager en Strat\u00e9gie &amp; Business Consulting chez Gemini Consulting, Cap Gemini (bureau de Paris).<\/strong><\/p>\n<p><span class=\"c4\"><span class=\"c3\"><strong>Leaders:<\/strong><\/span><\/span> <span class=\"c3\"><span class=\"c5\"><strong>D\u2019embl\u00e9e, vous vous \u00eates retrouv\u00e9 propuls\u00e9 dans l\u2019\u0153il du cyclone pand\u00e9mique. Vous attendiez-vous \u00e0 \u00eatre nomm\u00e9 ministre, des Finances de surcro\u00eet, et \u00eates-vous surpris par cette violente crise ?<\/strong><\/span><\/span><\/p>\n<p>Nizar Ya\u00efche : Jamais ! Tout ce que je savais, c\u2019est que j\u2019allais rejoindre l\u2019\u00e9quipe du chef du gouvernement, Ely\u00e8s Fakhfakh. J\u2019ai accept\u00e9, sans me soucier du reste, pour les raisons \u00e9videntes du devoir de servir. J\u2019\u00e9tais en pleine activit\u00e9 professionnelle \u00e0 Paris, notamment en tant que Partner chez PWC, et d\u00e9veloppant d\u2019autres activit\u00e9s. Du coup, j\u2019ai d\u00fb tout l\u00e2cher, c\u00e9der mes actions, fruit de 20 ans de labeur, r\u00e9gler rapidement les affaires en cours et regagner Tunis.<\/p>\n<p><span class=\"c5\"><span class=\"c3\"><strong>Qu\u2019est-ce qui a chang\u00e9 dans votre vie ?<\/strong><\/span><\/span><\/p>\n<p>Presque tout ! Ma d\u00e9termination est plus grande, ma concentration est redoubl\u00e9e, et le sens de la responsabilit\u00e9 plus aigu. Je sens reposer sur mes \u00e9paules une lourde confiance que je ne saurais en aucun cas trahir. Bien au contraire, m\u2019en acquitter le plus convenablement possible. En toute modestie.<\/p>\n<p><strong>Lire aussi<\/strong><\/p>\n<p><a href=\"https:\/\/www.leaders.com.tn\/article\/29829-exclusif-nizar-yaiche-comment-maintenir-la-tunisie-a-flot\" target=\"_blank\" rel=\"noopener noreferrer\">Exclusif &#8211; Nizar Ya\u00efche: Comment maintenir la Tunisie \u00e0 flot<\/a><\/p>\n<p><a href=\"https:\/\/www.leaders.com.tn\/article\/29834-nizar-yaiche-le-soutien-a-l-entreprise-doit-s-intensifier\" target=\"_blank\" rel=\"noopener noreferrer\">Nizar Ya\u00efche: Le soutien \u00e0 l\u2019entreprise doit s\u2019intensifier<\/a><\/p>\n<p>Auteur:<br \/>\n<a href=\"https:\/\/www.leaders.com.tn\/article\/29838-nizar-yaiche-je-ne-m-attendais-pas-a-devenir-ministre-presque-tout-a-change-pour-moi\">Cliquez ici pour lire l&rsquo;article depuis sa source.<\/a><\/p>\n","protected":false},"excerpt":{"rendered":"<p>Pudique, discret, humble, Nizar Ya\u00efche n\u2019aime pas parler de lui. \u00ab C\u2019est secondaire \u00bb, ass\u00e8ne-t-il. Ni \u00e9cumer les plateaux TV. A 45 ans, ce matheux, ing\u00e9nieur dipl\u00f4m\u00e9 de l\u2019\u00c9cole Centrale de Paris (1998) aligne au compteur le pilotage de plus de 300 projets dans une trentaine de pays. Jusqu\u2019\u00e0 sa r\u00e9cente nomination \u00e0 la t\u00eate [&hellip;]<\/p>\n","protected":false},"author":1772,"featured_media":0,"comment_status":"closed","ping_status":"closed","sticky":false,"template":"","format":"standard","meta":{"fifu_image_url":"","fifu_image_alt":"","footnotes":""},"categories":[73,55],"tags":[],"class_list":["post-84317","post","type-post","status-publish","format-standard","hentry","category-actualite","category-tunisie"],"_links":{"self":[{"href":"https:\/\/linitiative.ca\/International\/wp-json\/wp\/v2\/posts\/84317","targetHints":{"allow":["GET"]}}],"collection":[{"href":"https:\/\/linitiative.ca\/International\/wp-json\/wp\/v2\/posts"}],"about":[{"href":"https:\/\/linitiative.ca\/International\/wp-json\/wp\/v2\/types\/post"}],"author":[{"embeddable":true,"href":"https:\/\/linitiative.ca\/International\/wp-json\/wp\/v2\/users\/1772"}],"replies":[{"embeddable":true,"href":"https:\/\/linitiative.ca\/International\/wp-json\/wp\/v2\/comments?post=84317"}],"version-history":[{"count":0,"href":"https:\/\/linitiative.ca\/International\/wp-json\/wp\/v2\/posts\/84317\/revisions"}],"wp:attachment":[{"href":"https:\/\/linitiative.ca\/International\/wp-json\/wp\/v2\/media?parent=84317"}],"wp:term":[{"taxonomy":"category","embeddable":true,"href":"https:\/\/linitiative.ca\/International\/wp-json\/wp\/v2\/categories?post=84317"},{"taxonomy":"post_tag","embeddable":true,"href":"https:\/\/linitiative.ca\/International\/wp-json\/wp\/v2\/tags?post=84317"}],"curies":[{"name":"wp","href":"https:\/\/api.w.org\/{rel}","templated":true}]}}