{"id":84323,"date":"2020-05-04T01:00:00","date_gmt":"2020-05-04T05:00:00","guid":{"rendered":"https:\/\/linitiative.ca\/International\/el-kebda-mon-oeil\/"},"modified":"2020-05-04T01:00:00","modified_gmt":"2020-05-04T05:00:00","slug":"el-kebda-mon-oeil","status":"publish","type":"post","link":"https:\/\/linitiative.ca\/International\/el-kebda-mon-oeil\/","title":{"rendered":"El Kebda ? Mon \u0153il !"},"content":{"rendered":"<p class=\"c3\">IDIR. D\u2019ailleurs, mais \u00e9ternellement\u2026<\/p>\n<p class=\"c3\"><strong>\u2026 d\u2019ici<\/strong><\/p>\n<p class=\"c3\">J\u2019accomplis tous les matins une marche sanitaire de 30 minutes, dans un rayon de 3 kilom\u00e8tres autour de mon domicile. Avant, je marchais all\u00e8grement, le\u00a0 nez\u00a0 face au vent. Mais \u00e7a, c\u2019\u00e9tait avant ! Aujourd\u2019hui, je marche all\u00e8grement toujours, mais le nez derri\u00e8re une bavette. Des choses ont chang\u00e9. D\u2019autres, non ! Comme cette pratique qui me r\u00e9voltait d\u00e9j\u00e0, du temps d\u2019avant le Covid-19. Des enfants mineurs, parfois pas plus hauts que trois pommes, envoy\u00e9s aux courses par leurs parents. Je les croisais, les bras touchant presque le sol, charg\u00e9s de sacs \u00e0 provisions. C\u2019\u00e9tait d\u00e9j\u00e0 insupportable, ce travail forc\u00e9 des enfants. Aujourd\u2019hui, par temps de confinement, c\u2019est encore plus insupportable. Aucune mesure de distanciation. Aucune mesure barri\u00e8re. Aucune protection. Ni masque. Ni gants. Ni gel hydroalcoolique. Juste des bambins sur la route, de retour du march\u00e9 ou de la sup\u00e9rette. Bien s\u00fbr qu\u2019il ne faut pas conclure trop h\u00e2tivement. Bien s\u00fbr que la r\u00e9alit\u00e9 de certaines familles, comme des handicaps ou des incapacit\u00e9s r\u00e9elles de certains parents \u00e0 sortir, ne doivent pas me conduire \u00e0 mettre tout le monde dans le m\u00eame sac rempli de ma bile. Mais toutes et tous, tous ces parents ne sont pas des handicap\u00e9s, des personnes \u00e0 mobilit\u00e9 r\u00e9duite ou des conjoints interdits de sortie par la d\u00e9bilit\u00e9 des \u00abtraditions\u00bb et de la misogynie. Alors ? Eh bien, l\u00e0, sur cette route, durant les 30 minutes de ma marche sanitaire quotidienne, j\u2019ai cette terrible impression que, chez nous, on a invent\u00e9 un concept infect, celui de l\u2019enfant-barri\u00e8re contre le coronavirus. Du mioche bouclier face au virus. Parents confin\u00e9s \u00e0 la maison ! Prog\u00e9niture en exp\u00e9dition mortif\u00e8re dehors ! Et on ose, apr\u00e8s, venir me parler encore et encore d\u2019el kebda ! Je fume du th\u00e9 et je reste \u00e9veill\u00e9, le cauchemar continue.<br \/><em><strong>H. L.\u00a0<\/strong><\/em><\/p>\n<p>Auteur:<br \/>\n<a href=\"https:\/\/www.lesoirdalgerie.com\/pousse-avec-eux\/el-kebda-mon-oeil-42031\">Cliquez ici pour lire l&rsquo;article depuis sa source.<\/a><\/p>\n","protected":false},"excerpt":{"rendered":"<p>IDIR. D\u2019ailleurs, mais \u00e9ternellement\u2026 \u2026 d\u2019ici J\u2019accomplis tous les matins une marche sanitaire de 30 minutes, dans un rayon de 3 kilom\u00e8tres autour de mon domicile. Avant, je marchais all\u00e8grement, le\u00a0 nez\u00a0 face au vent. Mais \u00e7a, c\u2019\u00e9tait avant ! Aujourd\u2019hui, je marche all\u00e8grement toujours, mais le nez derri\u00e8re une bavette. Des choses ont chang\u00e9. [&hellip;]<\/p>\n","protected":false},"author":1741,"featured_media":0,"comment_status":"closed","ping_status":"closed","sticky":false,"template":"","format":"standard","meta":{"fifu_image_url":"","fifu_image_alt":"","footnotes":""},"categories":[73,53],"tags":[],"class_list":["post-84323","post","type-post","status-publish","format-standard","hentry","category-actualite","category-algerie"],"_links":{"self":[{"href":"https:\/\/linitiative.ca\/International\/wp-json\/wp\/v2\/posts\/84323","targetHints":{"allow":["GET"]}}],"collection":[{"href":"https:\/\/linitiative.ca\/International\/wp-json\/wp\/v2\/posts"}],"about":[{"href":"https:\/\/linitiative.ca\/International\/wp-json\/wp\/v2\/types\/post"}],"author":[{"embeddable":true,"href":"https:\/\/linitiative.ca\/International\/wp-json\/wp\/v2\/users\/1741"}],"replies":[{"embeddable":true,"href":"https:\/\/linitiative.ca\/International\/wp-json\/wp\/v2\/comments?post=84323"}],"version-history":[{"count":0,"href":"https:\/\/linitiative.ca\/International\/wp-json\/wp\/v2\/posts\/84323\/revisions"}],"wp:attachment":[{"href":"https:\/\/linitiative.ca\/International\/wp-json\/wp\/v2\/media?parent=84323"}],"wp:term":[{"taxonomy":"category","embeddable":true,"href":"https:\/\/linitiative.ca\/International\/wp-json\/wp\/v2\/categories?post=84323"},{"taxonomy":"post_tag","embeddable":true,"href":"https:\/\/linitiative.ca\/International\/wp-json\/wp\/v2\/tags?post=84323"}],"curies":[{"name":"wp","href":"https:\/\/api.w.org\/{rel}","templated":true}]}}