{"id":84326,"date":"2020-05-04T12:21:38","date_gmt":"2020-05-04T16:21:38","guid":{"rendered":"https:\/\/linitiative.ca\/International\/coronavirus-150-nouveaux-cas-5053-cas-cumules-lundi-a-16-heures\/"},"modified":"2020-05-04T12:21:38","modified_gmt":"2020-05-04T16:21:38","slug":"coronavirus-150-nouveaux-cas-5053-cas-cumules-lundi-a-16-heures","status":"publish","type":"post","link":"https:\/\/linitiative.ca\/International\/coronavirus-150-nouveaux-cas-5053-cas-cumules-lundi-a-16-heures\/","title":{"rendered":"Coronavirus : 150 nouveaux cas, 5053 cas cumul\u00e9s lundi \u00e0 16 heures"},"content":{"rendered":"<p><strong>Voici le nouveau bilan du minist\u00e8re de la sant\u00e9.<\/strong><\/p>\n<div class=\"c10\"\/>\n<p>Le Maroc a enregistr\u00e9 150 nouveaux cas de contamination ces derni\u00e8res 24 heures, ce qui porte le bilan total \u00e0 5053 ce lundi \u00e0 16 heures. Le nombre de d\u00e9c\u00e8s atteint d\u00e9sormais 179, contre 1653 gu\u00e9risons au total.<\/p>\n<div class=\"c17\">\n<fieldset class=\"c16\">\n<legend><strong><span class=\"c11\">Challenge<\/span><span class=\"c12\">news<\/span><\/strong><\/legend>\n<div class=\"c15\">Le meilleur de Challenge s\u00e9lectionn\u00e9 par la r\u00e9daction :<\/p>\n<\/div>\n<\/fieldset>\n<\/div>\n<p>Auteur: challenge<br \/>\n<a href=\"https:\/\/www.challenge.ma\/coronavirus-150-nouveaux-cas-5053-cas-cumules-lundi-a-16-heures-139473\/\">Cliquez ici pour lire l&rsquo;article depuis sa source.<\/a><\/p>\n","protected":false},"excerpt":{"rendered":"<p>Voici le nouveau bilan du minist\u00e8re de la sant\u00e9. Le Maroc a enregistr\u00e9 150 nouveaux cas de contamination ces derni\u00e8res 24 heures, ce qui porte le bilan total \u00e0 5053 ce lundi \u00e0 16 heures. Le nombre de d\u00e9c\u00e8s atteint d\u00e9sormais 179, contre 1653 gu\u00e9risons au total. Challengenews Le meilleur de Challenge s\u00e9lectionn\u00e9 par la [&hellip;]<\/p>\n","protected":false},"author":1787,"featured_media":0,"comment_status":"closed","ping_status":"closed","sticky":false,"template":"","format":"standard","meta":{"fifu_image_url":"","fifu_image_alt":"","footnotes":""},"categories":[78,54],"tags":[],"class_list":["post-84326","post","type-post","status-publish","format-standard","hentry","category-economie","category-maroc"],"_links":{"self":[{"href":"https:\/\/linitiative.ca\/International\/wp-json\/wp\/v2\/posts\/84326","targetHints":{"allow":["GET"]}}],"collection":[{"href":"https:\/\/linitiative.ca\/International\/wp-json\/wp\/v2\/posts"}],"about":[{"href":"https:\/\/linitiative.ca\/International\/wp-json\/wp\/v2\/types\/post"}],"author":[{"embeddable":true,"href":"https:\/\/linitiative.ca\/International\/wp-json\/wp\/v2\/users\/1787"}],"replies":[{"embeddable":true,"href":"https:\/\/linitiative.ca\/International\/wp-json\/wp\/v2\/comments?post=84326"}],"version-history":[{"count":0,"href":"https:\/\/linitiative.ca\/International\/wp-json\/wp\/v2\/posts\/84326\/revisions"}],"wp:attachment":[{"href":"https:\/\/linitiative.ca\/International\/wp-json\/wp\/v2\/media?parent=84326"}],"wp:term":[{"taxonomy":"category","embeddable":true,"href":"https:\/\/linitiative.ca\/International\/wp-json\/wp\/v2\/categories?post=84326"},{"taxonomy":"post_tag","embeddable":true,"href":"https:\/\/linitiative.ca\/International\/wp-json\/wp\/v2\/tags?post=84326"}],"curies":[{"name":"wp","href":"https:\/\/api.w.org\/{rel}","templated":true}]}}