{"id":84329,"date":"2020-05-04T14:19:54","date_gmt":"2020-05-04T18:19:54","guid":{"rendered":"https:\/\/linitiative.ca\/International\/cgem-4-millions-de-masques-en-tissu-pour-la-reprise-dactivite-des-entreprises\/"},"modified":"2020-05-04T14:19:54","modified_gmt":"2020-05-04T18:19:54","slug":"cgem-4-millions-de-masques-en-tissu-pour-la-reprise-dactivite-des-entreprises","status":"publish","type":"post","link":"https:\/\/linitiative.ca\/International\/cgem-4-millions-de-masques-en-tissu-pour-la-reprise-dactivite-des-entreprises\/","title":{"rendered":"CGEM :   4 millions de masques en tissu pour la reprise d\u2019activit\u00e9 des entreprises"},"content":{"rendered":"<p><strong>La CGEM va mettre \u00e0 la disposition des entreprises quatre millions de masques lavables et r\u00e9utilisables plusieurs fois.<\/strong><\/p>\n<div class=\"c10\"\/>\n<p>Dans un courrier envoy\u00e9\u00a0 aujourd\u2019hui 4 mai\u00a0 aux membres, Chakib Alj, pr\u00e9sident de la CGEM, r\u00e9affirme la mobilisation de la CGEM pour aider les entreprises du secteur priv\u00e9 \u00e0 reprendre leurs activit\u00e9s dans les meilleures conditions possibles. Il a annonc\u00e9 que \u00ab la Conf\u00e9d\u00e9ration a r\u00e9ussi \u00e0 s\u00e9curiser un stock de 4 millions de masques en tissu au profit de ses membres \u00bb. Ces masques lavables et r\u00e9utilisables plusieurs fois seront propos\u00e9s \u00e0 un prix unitaire qui est actuellement en cours de n\u00e9gociation et qui ne d\u00e9passera pas 6 dirhams TTC.\u00a0\u00a0 Ainsi, pour anticiper et\/ou compl\u00e9ter les besoins, notamment en pr\u00e9vision du d\u00e9confinement, et pour optimiser la gestion de votre reprise d\u2019activit\u00e9, il\u00a0 recommande aux membres de commander un stock de s\u00e9curit\u00e9 en masques sanitaires (tiss\u00e9s et\/ou non tiss\u00e9s) \u00e0 travers un formulaire joint au courrier.<\/p>\n<p>Lire aussi : <a href=\"https:\/\/www.challenge.ma\/le-cve-veut-creer-un-mega-fonds-dinvestissement-pour-preparer-les-entreprises-au-post-covid-19-139434\/\">Le CVE veut cr\u00e9er un m\u00e9ga-fonds d\u2019investissement pour pr\u00e9parer les entreprises au post-Covid 19<\/a><\/p>\n<div class=\"c17\">\n<fieldset class=\"c16\">\n<legend><strong><span class=\"c11\">Challenge<\/span><span class=\"c12\">news<\/span><\/strong><\/legend>\n<div class=\"c15\">Le meilleur de Challenge s\u00e9lectionn\u00e9 par la r\u00e9daction :<\/p>\n<\/div>\n<\/fieldset>\n<\/div>\n<p>Auteur: Adama Sylla<br \/>\n<a href=\"https:\/\/www.challenge.ma\/cgem-4-millions-de-masques-en-tissu-pour-la-reprise-dactivite-des-entreprises-139483\/\">Cliquez ici pour lire l&rsquo;article depuis sa source.<\/a><\/p>\n","protected":false},"excerpt":{"rendered":"<p>La CGEM va mettre \u00e0 la disposition des entreprises quatre millions de masques lavables et r\u00e9utilisables plusieurs fois. Dans un courrier envoy\u00e9\u00a0 aujourd\u2019hui 4 mai\u00a0 aux membres, Chakib Alj, pr\u00e9sident de la CGEM, r\u00e9affirme la mobilisation de la CGEM pour aider les entreprises du secteur priv\u00e9 \u00e0 reprendre leurs activit\u00e9s dans les meilleures conditions possibles. [&hellip;]<\/p>\n","protected":false},"author":1787,"featured_media":0,"comment_status":"closed","ping_status":"closed","sticky":false,"template":"","format":"standard","meta":{"fifu_image_url":"","fifu_image_alt":"","footnotes":""},"categories":[78,54],"tags":[],"class_list":["post-84329","post","type-post","status-publish","format-standard","hentry","category-economie","category-maroc"],"_links":{"self":[{"href":"https:\/\/linitiative.ca\/International\/wp-json\/wp\/v2\/posts\/84329","targetHints":{"allow":["GET"]}}],"collection":[{"href":"https:\/\/linitiative.ca\/International\/wp-json\/wp\/v2\/posts"}],"about":[{"href":"https:\/\/linitiative.ca\/International\/wp-json\/wp\/v2\/types\/post"}],"author":[{"embeddable":true,"href":"https:\/\/linitiative.ca\/International\/wp-json\/wp\/v2\/users\/1787"}],"replies":[{"embeddable":true,"href":"https:\/\/linitiative.ca\/International\/wp-json\/wp\/v2\/comments?post=84329"}],"version-history":[{"count":0,"href":"https:\/\/linitiative.ca\/International\/wp-json\/wp\/v2\/posts\/84329\/revisions"}],"wp:attachment":[{"href":"https:\/\/linitiative.ca\/International\/wp-json\/wp\/v2\/media?parent=84329"}],"wp:term":[{"taxonomy":"category","embeddable":true,"href":"https:\/\/linitiative.ca\/International\/wp-json\/wp\/v2\/categories?post=84329"},{"taxonomy":"post_tag","embeddable":true,"href":"https:\/\/linitiative.ca\/International\/wp-json\/wp\/v2\/tags?post=84329"}],"curies":[{"name":"wp","href":"https:\/\/api.w.org\/{rel}","templated":true}]}}