{"id":84340,"date":"2020-05-04T14:27:43","date_gmt":"2020-05-04T18:27:43","guid":{"rendered":"https:\/\/linitiative.ca\/International\/inoussa-ouedraogo-president-de-lunpsb-du-burkina-pour-cette-campagne-nous-envisageons-20-mille-tonnes-de-semences\/"},"modified":"2020-05-04T14:27:43","modified_gmt":"2020-05-04T18:27:43","slug":"inoussa-ouedraogo-president-de-lunpsb-du-burkina-pour-cette-campagne-nous-envisageons-20-mille-tonnes-de-semences","status":"publish","type":"post","link":"https:\/\/linitiative.ca\/International\/inoussa-ouedraogo-president-de-lunpsb-du-burkina-pour-cette-campagne-nous-envisageons-20-mille-tonnes-de-semences\/","title":{"rendered":"Inoussa Ou\u00e9draogo, pr\u00e9sident de l\u2019UNPSB du Burkina  : \u00ab\u00a0Pour cette campagne, nous envisageons 20 mille tonnes de semences\u00a0\u00bb"},"content":{"rendered":"<div class=\"td-post-featured-image\"><a href=\"https:\/\/www.sidwaya.info\/wp-content\/uploads\/2020\/05\/1-3.jpg\" data-caption=\"\"><img loading=\"lazy\" decoding=\"async\" width=\"595\" height=\"434\" class=\"entry-thumb td-modal-image\" src=\"https:\/\/www.sidwaya.info\/wp-content\/uploads\/2020\/05\/1-3.jpg\" srcset=\"https:\/\/www.sidwaya.info\/wp-content\/uploads\/2020\/05\/1-3.jpg 595w, https:\/\/www.sidwaya.info\/wp-content\/uploads\/2020\/05\/1-3-300x219.jpg 300w, https:\/\/www.sidwaya.info\/wp-content\/uploads\/2020\/05\/1-3-576x420.jpg 576w, https:\/\/www.sidwaya.info\/wp-content\/uploads\/2020\/05\/1-3-324x235.jpg 324w\" sizes=\"auto, (max-width: 595px) 100vw, 595px\" alt=\"\" title=\"1\"\/><\/a><\/div>\n<p><strong>Dans cet entretien, le pr\u00e9sident de l\u2019Union nationale des producteurs semenciers du Burkina (UNPSB), Inoussa Ou\u00e9draogo, fait le point de sa premi\u00e8re ann\u00e9e \u00e0 la t\u00eate de l\u2019organisation. Il y a eu beaucoup d\u2019acquis, mais des d\u00e9fis \u00e0 relever, selon le semencier.<\/strong><\/p>\n<p><strong>Sidwaya\u00a0(S.) : Apr\u00e8s un an pass\u00e9 \u00e0 la t\u00eate de la fa\u00eeti\u00e8re des semenciers, dites-nous comment se porte la fili\u00e8re semence\u00a0?<\/strong><br \/><strong>Inoussa Ou\u00e9draogo\u00a0(I.O.)<\/strong> : En une ann\u00e9e d\u2019exercice, nous avons r\u00e9alis\u00e9 plusieurs activit\u00e9s. Mon \u00e9quipe et moi avons particip\u00e9 d\u00e8s mon installation \u00e0 des rencontres d\u2019envergure comme la Journ\u00e9e nationale du paysan (JNP) en 2019. Ce forum nous a permis de d\u00e9fendre notre union et de pr\u00e9senter certains projets de la fili\u00e8re semence. Nous avons eu par la suite la journ\u00e9e promotionnelle de semences agricoles certifi\u00e9es am\u00e9lior\u00e9es de Ouagadougou en 2019. Cette rencontre a donn\u00e9 une visibilit\u00e9 \u00e0 la semence am\u00e9lior\u00e9e et l\u2019a rapproch\u00e9e des producteurs. Cette foire a connu la participation de 1800 visiteurs en deux jours et a permis d\u2019\u00e9couler 25 tonnes de semence. Gr\u00e2ce \u00e0 l\u2019accompagnement de nos partenaires dont le minist\u00e8re de l\u2019Agriculture, cette foire a \u00e9t\u00e9 un v\u00e9ritable succ\u00e8s. Nous avons aussi eu des missions de suivi de la campagne dans les 13 r\u00e9gions du pays. Pour la campagne \u00e9coul\u00e9e, nos pr\u00e9visions \u00e9taient de 12 mille tonnes, en mati\u00e8re de production r\u00e9elle, toute sp\u00e9culation confondue. Mais en raison de l\u2019ins\u00e9curit\u00e9 et de la prolongation des pluies, nous sommes parvenus \u00e0 11 mille tonnes de semence certifi\u00e9e. Par ailleurs, nous avons \u00e9galement pu renforcer nos partenariats avec les structures \u00e9tatiques et les Organisations non gouvernementales (ONG). Nous avons eu une s\u00e9rie de formations autour des th\u00e8mes comme les lois semenci\u00e8res, la m\u00e9canisation agricole, etc. Des membres de l\u2019union ont \u00e9galement \u00e9t\u00e9 form\u00e9s \u00e0 la production de la semence de base. Nous avons r\u00e9ussi \u00e0 obtenir des \u00e9quipements agricoles de qualit\u00e9.<\/p>\n<p><strong>S.\u00a0: Quels sont en ce moment les d\u00e9fis\u00a0de l\u2019union?<\/strong><br \/><strong>I.O.<\/strong>\u00a0: La relecture de notre manuel de proc\u00e9dures afin de nous conformer \u00e0 notre vision du moment, est l\u2019une de nos pr\u00e9occupations. Nous sommes en train d\u2019\u00e9laborer notre plan strat\u00e9gique de d\u00e9veloppement de la fili\u00e8re pour les cinq prochaines ann\u00e9es. En termes de perspectives, nous avons l\u2019ambition de mettre en place un centre de formation d\u2019exp\u00e9rimentation et de m\u00e9canisation agraire. Cela va permettre de ma\u00eetriser nos outils, afin de relever le d\u00e9fi. Nous travaillons de sorte \u00e0 avoir une ouverture sous r\u00e9gionale en mati\u00e8re de semence certifi\u00e9e. Notre souhait est aussi de relancer la foire de semences de Ouagadougou dont la deuxi\u00e8me \u00e9dition devrait se tenir cette ann\u00e9e mais qui est ajourn\u00e9e du fait de la maladie \u00e0 coronavirus. L\u2019union \u0153uvre \u00e9galement \u00e0 l\u2019am\u00e9lioration de la qualit\u00e9 de ses produits via l\u2019installation de petites unit\u00e9s de nettoyage et de calibrage des semences. Avec nos partenaires, nous comptons mettre en place des boutiques de semences plus proches des petits producteurs. Pour cette campagne, nous envisageons produire 20 mille tonnes. Il y a aussi la planification de la production que nous devons op\u00e9rer avec l\u2019appui des minist\u00e8res de la Recherche et de l\u2019Agriculture.<\/p>\n<div class=\"td-a-rec td-a-rec-id-content_inline tdi_30_b77 td_block_template_1\"><img loading=\"lazy\" decoding=\"async\" class=\"aligncenter size-full wp-image-21314\" src=\"https:\/\/www.sidwaya.info\/wp-content\/uploads\/2020\/04\/Bandeau-Covid-19-Sidwaya-1.jpg\" alt=\"\" width=\"790\" height=\"98\"\/><\/div>\n<p><strong>S.\u00a0: Comment les semenciers vivent le COVID-19\u00a0?<\/strong><br \/><strong>I.O.<\/strong>\u00a0: Nous sommes dans la dynamique d\u2019autoprotection et de respect des mesures barri\u00e8res \u00e9dict\u00e9es par le gouvernement. En termes d\u2019information, nous sensibilisons les producteurs afin qu\u2019ils prennent toute la mesure de la pand\u00e9mie. Avec notre partenaire allemand GIZ, nous avons obtenu des kits d\u2019hygi\u00e8ne \u00e0 distribuer \u00e0 nos membres. Nous sommes dos au mur, \u00e9tant donn\u00e9 que cette maladie pourrait amener certains producteurs \u00e0 r\u00e9duire leurs superficies, faute de main-d\u2019\u0153uvre.<\/p>\n<p><strong>S.\u00a0: Comment se fait la fixation des prix des semences am\u00e9lior\u00e9es\u00a0?<\/strong><br \/><strong>I.O.<\/strong>\u00a0: C\u2019est de fa\u00e7on concert\u00e9e que nous fixons les prix, et ce depuis longtemps. En fonction de la situation de la production, les prix peuvent varier d\u2019une sp\u00e9culation \u00e0 une autre. En effet, chaque ann\u00e9e, le minist\u00e8re de l\u2019Agriculture organise une rencontre avec l\u2019ensemble des parties concern\u00e9es. Nous discutons et nous aboutissons \u00e0 un prix fixe. Cette ann\u00e9e par exemple, les prix du riz et du ma\u00efs ont \u00e9t\u00e9 revus \u00e0 la baisse pour faire face \u00e0 certaines difficult\u00e9s d\u2019ordre social.<\/p>\n<p><strong>S.\u00a0: Comment avez-vous g\u00e9r\u00e9 la fronde de semenciers de la r\u00e9gion du Centre-Sud\u00a0?<\/strong><br \/><strong>I.O.<\/strong>\u00a0: Cette question va bient\u00f4t conna\u00eetre un d\u00e9nouement heureux. Car, nous sommes en dialogue avec les producteurs qui ont des revendications.<br \/>En toute situation, nous sommes dispos\u00e9s et ouverts aux n\u00e9gociations. Quelle que soit la r\u00e9gion o\u00f9 il y a des difficult\u00e9s, nous sommes oblig\u00e9s d\u2019aplanir ces querelles et travailler pour le d\u00e9veloppement durable de la fili\u00e8re.<\/p>\n<p><strong>S.\u00a0: Quel r\u00f4le la semence am\u00e9lior\u00e9e joue-t-elle dans le cadre de l\u2019autosuffisance alimentaire et l\u2019adaptation au changement climatique\u00a0?<\/strong><br \/><strong>I.O.<\/strong>\u00a0: Les semences am\u00e9lior\u00e9es certifi\u00e9es sont con\u00e7ues pour s\u2019adapter aux zones agro-climatiques. En termes de cycle, de productivit\u00e9, de rentabilit\u00e9, de go\u00fbt de rendement (\u2026) elles sont tr\u00e8s efficaces et recommand\u00e9es. Les chercheurs travaillent \u00e0 mettre au point des semences de qualit\u00e9 et adapt\u00e9es \u00e0 la nature des sols et au changement des saisons.<br \/>Avant, on avait des semences de 135 voire 140 jours de cycle. Avec le changement climatique, il est risqu\u00e9 d\u2019emblaver ces vari\u00e9t\u00e9s sous peine de ne rien r\u00e9colter.<\/p>\n<p class=\"c1\"><strong>Entretien r\u00e9alis\u00e9 par Wanl\u00e9 G\u00e9rard COULIBALY<\/strong><\/p>\n<div class=\"td-a-rec td-a-rec-id-content_bottom tdi_31_cdf td_block_template_1\"><img loading=\"lazy\" decoding=\"async\" class=\"aligncenter size-full wp-image-9623\" src=\"https:\/\/www.sidwaya.info\/wp-content\/uploads\/2019\/06\/Projet-bannie\u0300re-Orange-mobile.jpg\" alt=\"\" width=\"728\" height=\"81\"\/><\/div>\n<p>Auteur: DD. Sidwaya<br \/>\n<a href=\"https:\/\/www.sidwaya.info\/blog\/2020\/05\/04\/inoussa-ouedraogo-president-de-lunpsb-du-burkina-pour-cette-campagne-nous-envisageons-20-mille-tonnes-de-semences\/\">Cliquez ici pour lire l&rsquo;article depuis sa source.<\/a><\/p>\n","protected":false},"excerpt":{"rendered":"<p>Dans cet entretien, le pr\u00e9sident de l\u2019Union nationale des producteurs semenciers du Burkina (UNPSB), Inoussa Ou\u00e9draogo, fait le point de sa premi\u00e8re ann\u00e9e \u00e0 la t\u00eate de l\u2019organisation. Il y a eu beaucoup d\u2019acquis, mais des d\u00e9fis \u00e0 relever, selon le semencier. Sidwaya\u00a0(S.) : Apr\u00e8s un an pass\u00e9 \u00e0 la t\u00eate de la fa\u00eeti\u00e8re des [&hellip;]<\/p>\n","protected":false},"author":1816,"featured_media":84341,"comment_status":"closed","ping_status":"closed","sticky":false,"template":"","format":"standard","meta":{"fifu_image_url":"","fifu_image_alt":"","footnotes":""},"categories":[73,81],"tags":[],"class_list":["post-84340","post","type-post","status-publish","format-standard","has-post-thumbnail","hentry","category-actualite","category-burkina-faso"],"_links":{"self":[{"href":"https:\/\/linitiative.ca\/International\/wp-json\/wp\/v2\/posts\/84340","targetHints":{"allow":["GET"]}}],"collection":[{"href":"https:\/\/linitiative.ca\/International\/wp-json\/wp\/v2\/posts"}],"about":[{"href":"https:\/\/linitiative.ca\/International\/wp-json\/wp\/v2\/types\/post"}],"author":[{"embeddable":true,"href":"https:\/\/linitiative.ca\/International\/wp-json\/wp\/v2\/users\/1816"}],"replies":[{"embeddable":true,"href":"https:\/\/linitiative.ca\/International\/wp-json\/wp\/v2\/comments?post=84340"}],"version-history":[{"count":0,"href":"https:\/\/linitiative.ca\/International\/wp-json\/wp\/v2\/posts\/84340\/revisions"}],"wp:featuredmedia":[{"embeddable":true,"href":"https:\/\/linitiative.ca\/International\/wp-json\/"}],"wp:attachment":[{"href":"https:\/\/linitiative.ca\/International\/wp-json\/wp\/v2\/media?parent=84340"}],"wp:term":[{"taxonomy":"category","embeddable":true,"href":"https:\/\/linitiative.ca\/International\/wp-json\/wp\/v2\/categories?post=84340"},{"taxonomy":"post_tag","embeddable":true,"href":"https:\/\/linitiative.ca\/International\/wp-json\/wp\/v2\/tags?post=84340"}],"curies":[{"name":"wp","href":"https:\/\/api.w.org\/{rel}","templated":true}]}}