{"id":84342,"date":"2020-05-04T14:31:49","date_gmt":"2020-05-04T18:31:49","guid":{"rendered":"https:\/\/linitiative.ca\/International\/reprise-des-transports-nous-allons-saisir-cette-occasion-avec-responsabilite-issoufou-maiga\/"},"modified":"2020-05-04T14:31:49","modified_gmt":"2020-05-04T18:31:49","slug":"reprise-des-transports-nous-allons-saisir-cette-occasion-avec-responsabilite-issoufou-maiga","status":"publish","type":"post","link":"https:\/\/linitiative.ca\/International\/reprise-des-transports-nous-allons-saisir-cette-occasion-avec-responsabilite-issoufou-maiga\/","title":{"rendered":"Reprise des transports : \u00ab\u00a0Nous allons saisir cette occasion avec responsabilit\u00e9 \u00bb, Issoufou Ma\u00efga"},"content":{"rendered":"<div class=\"td-post-featured-image\"><a href=\"https:\/\/www.sidwaya.info\/wp-content\/uploads\/2020\/05\/1-4.jpg\" data-caption=\"\"><img loading=\"lazy\" decoding=\"async\" width=\"595\" height=\"397\" class=\"entry-thumb td-modal-image\" src=\"https:\/\/www.sidwaya.info\/wp-content\/uploads\/2020\/05\/1-4.jpg\" srcset=\"https:\/\/www.sidwaya.info\/wp-content\/uploads\/2020\/05\/1-4.jpg 595w, https:\/\/www.sidwaya.info\/wp-content\/uploads\/2020\/05\/1-4-300x200.jpg 300w\" sizes=\"auto, (max-width: 595px) 100vw, 595px\" alt=\"\" title=\"1\"\/><\/a><\/div>\n<p><strong>Les transports en commun reprennent de service ce mardi 5 mai 2020. Dans cette interview, le pr\u00e9sident de la Fa\u00eeti\u00e8re unique des transporteurs routiers du Burkina (FUTRB), Issoufou Ma\u00efga, apporte des \u00e9clairages.<\/strong><\/p>\n<p><strong>Sidwaya (S)\u00a0: Pr\u00e9vus pour d\u00e9marrer le 4 mai, c\u2019est finalement ce mardi que les transports en commun reprennent. Qu\u2019est-ce qui explique ce report d\u2019une journ\u00e9e?<\/strong><br \/><strong>Issoufou Ma\u00efga\u00a0(I.M.)\u00a0<\/strong>: Il est vrai que la reprise du transport des voyageurs \u00e9tait pr\u00e9vue pour le lundi 4 mai, mais la proposition n\u2019\u00e9tait pas mat\u00e9rialis\u00e9e. Lorsque nous avons eu la rencontre le 30 avril avec le minist\u00e8re en charge des transports, sanctionn\u00e9e par le protocole d\u2019accord y relatif, il a \u00e9t\u00e9 effectivement dit qu\u2019on pourrait avoir une probabilit\u00e9 de relance le lundi. C\u2019est-\u00e0-dire une semaine avant la rentr\u00e9e acad\u00e9mique. Mais, dans la foul\u00e9e, nous avons eu le report d\u2019un jour suppl\u00e9mentaire pour respecter le parall\u00e9lisme de forme li\u00e9 \u00e0 la lev\u00e9e de la quarantaine. Car la reprise de l\u2019activit\u00e9 de transport en commun est tributaire forc\u00e9ment de l\u2019abrogation de la quarantaine. D\u2019o\u00f9 la reprise ce mardi matin et nous sommes certains que ce ne sera pas un faux d\u00e9part.<\/p>\n<p><strong>S\u00a0: Pensez-vous que ce report est du go\u00fbt de tous les acteurs\u00a0?<\/strong><br \/><strong>I. M.<\/strong>\u00a0: Nous avons \u00e9t\u00e9 bloqu\u00e9s pendant plus de 40 jours, et quand nous avons eu vent de la reprise, nous \u00e9tions tr\u00e8s contents. Nous avons connu un jour suppl\u00e9mentaire d\u2019arr\u00eat de travail, mais nous voyons cela comme un d\u00e9calage visant \u00e0 mieux faire. De ce fait, il y a eu des amertumes mais nous nous sommes dit que c\u2019est pour le bien-\u00eatre du pays a priori. Ce n\u2019est pas pour nuire \u00e0 notre secteur, mais c\u2019est pour une question de protection des populations<\/p>\n<div class=\"td-a-rec td-a-rec-id-content_inline tdi_30_5b7 td_block_template_1\"><img loading=\"lazy\" decoding=\"async\" class=\"aligncenter size-full wp-image-21314\" src=\"https:\/\/www.sidwaya.info\/wp-content\/uploads\/2020\/04\/Bandeau-Covid-19-Sidwaya-1.jpg\" alt=\"\" width=\"790\" height=\"98\"\/><\/div>\n<p><strong>S\u00a0: Des mesures ont \u00e9t\u00e9 prises \u00e0 la faveur du protocole d\u2019accord (port du masque, r\u00e9duction du nombre de places\u2026). Pouvez-vous nous donner l\u2019assurance que ces dispositions seront respect\u00e9es\u00a0?<\/strong><br \/><strong>I. M.<\/strong>\u00a0: Oui, avec certitude. Nous sommes all\u00e9s avec une proposition et le gouvernement nous a donn\u00e9 mieux. Comprenez que si vous voulez attraper la main et qu\u2019on vous donne le coude, c\u2019est \u00e0 vous de savoir exploiter. Je suis confiant et rassur\u00e9 que les mesures seront le rep\u00e8re des transporteurs voyageurs. Il s\u2019agit, entre autres, de la r\u00e9duction du nombre de passagers, de la d\u00e9sinfection des cars et des gares, du d\u00e9barquement rapide, du port du cache-nez et de la fluidit\u00e9 \u00e0 l\u2019embarquement. Sur ces points, nous sommes oblig\u00e9s d\u2019appliquer ces mesures. Il y va de l\u2019image des transporteurs. Et nous sommes persuad\u00e9s que les populations seront vigilantes surtout en ce qui concerne la r\u00e9duction du nombre de passagers qui est de 12% \u00e0 15%. Ces mesures sont tenables en ce qui concerne la rentabilit\u00e9 des soci\u00e9t\u00e9s. Tout compte fait, il vaut mieux d\u00e9marrer et continuer les \u00e9changes avec le gouvernement sur l\u2019\u00e9volution de la pand\u00e9mie que d\u2019attendre. Donc, c\u2019est une occasion que nous allons saisir avec responsabilit\u00e9.<\/p>\n<p><strong>S\u00a0: Tant\u00f4t vous avez parl\u00e9 d\u2019amertume concernant le report des activit\u00e9s de transport. A qui pensez-vous ?<\/strong><br \/><strong>I. M.\u00a0<\/strong>: Quand vous \u00eates affam\u00e9s pendant quarante jours, vous avez l\u2019espoir de reprendre les activit\u00e9s au plus vite. Pour moi, c\u2019est normal qu\u2019il y ait des plaintes de la part des acteurs. Mais, il nous appartient en tant que responsable de leur expliquer le bien-fond\u00e9 et les cons\u00e9quences du retard. Le plus pr\u00e9occupant pour moi, c\u2019est le maintien de la reprise des activit\u00e9s. Si l\u2019on reprend les activit\u00e9s, nous devons prier ensemble pour que la pand\u00e9mie r\u00e9gresse. J\u2019invite alors les transporteurs et l\u2019ensemble des acteurs \u00e0 respecter les mesures barri\u00e8res. J\u2019exhorte aussi les passagers \u00e0 bord des cars, en cas de manquements, \u00e0 faire valoir leurs droits en interpellant le personnel ou en contactant l\u2019op\u00e9rateur de transport, car la sant\u00e9 est l\u2019affaire de tous.<\/p>\n<p><strong>S\u00a0: Dans le cadre des mesures prises en droite ligne avec le protocole d\u2019accord sign\u00e9, il y a, entre autres, l\u2019usage du thermo flash pour d\u00e9tecter la temp\u00e9rature des passagers avant le d\u00e9part. Qu\u2019est-ce qui est pr\u00e9vu pour un voyageur ayant une temp\u00e9rature de plus de 37\u00b0C\u00a0?<\/strong><br \/><strong>I. M.<\/strong>\u00a0: Le thermo flash n\u2019est pas une obligation. C\u2019est une option pour les compagnies modernes de voyage. S\u2019agissant du secteur informel, il est difficile d\u2019appliquer cette mesure, surtout pour des gares publiques de grande superficie. C\u2019est pourquoi, nous avons pr\u00e9conis\u00e9 les lave-mains. Pour les cas de temp\u00e9rature \u00e9lev\u00e9e, on peut conseiller le passager \u00e0 ne pas embarquer ou l\u2019orienter vers un centre de sant\u00e9. Du reste, je puis vous rassurer qu\u2019il y a des gares qui ont de petits postes sanitaires de premiers secours o\u00f9 nous pouvons isoler les malades et les conduire le plus t\u00f4t possible pour une prise en charge.<\/p>\n<p><strong>S\u00a0: Est-ce que les mesures seront respect\u00e9es sur le long terme\u00a0?<\/strong><br \/><strong>I. M.\u00a0<\/strong>: Nous avons essay\u00e9 de sensibiliser les responsables de gares publiques pour le suivi et le maintien des mesures barri\u00e8res de fa\u00e7on permanente. En cons\u00e9quence, ils vont travailler \u00e0 disposer des lave-mains partout, \u00e0 faire la v\u00e9rification visuelle du port du cache-nez avant l\u2019embarquement et rendre compte. Il y aura \u00e9galement des superviseurs pour \u00e9valuer l\u2019ambiance de la reprise.<\/p>\n<p><strong>S\u00a0: Au cas o\u00f9 les consignes ne seraient pas respect\u00e9es, que pr\u00e9conisez-vous?<\/strong><br \/><strong>I. M.<\/strong>\u00a0: Je connais le niveau d\u2019engagement des acteurs. Je n\u2019ai pas \u00e0 douter du tout. Ce n\u2019est pas uniquement \u00e0 Ouagadougou. Je vous assure que j\u2019ai re\u00e7u des appels de transporteurs r\u00e9sidant dans des communes pour avoir confirmation de la reprise le 5 mai. Ils m\u2019ont rassur\u00e9 qu\u2019ils ont lav\u00e9 leurs v\u00e9hicules et ont des cache-nez. Certains ont propos\u00e9 de vendre des cache-nez de r\u00e9serve aux passagers qui n\u2019en disposent pas. Donc, il y a une anticipation salutaire de la part des transporteurs. En sus, si un transporteur informel d\u2019une commune de plus de 400 km de Ouagadougou m\u2019appelle pour avoir des cache-nez suppl\u00e9mentaires, je r\u00e9pondrai \u00e0 sa sollicitation. De ce point de vue, je suis optimiste.<\/p>\n<p><strong>S\u00a0: Ce sont des organisations fa\u00eeti\u00e8res de transporteurs qui ont pris part \u00e0 la signature du protocole de reprise des activit\u00e9s de transport. Les organisations de chauffeurs ne sont-elles pas senties \u00e9cart\u00e9es\u00a0?<\/strong><br \/><strong>I. M.<\/strong>\u00a0: Pas du tout\u00a0! Les r\u00f4les sont partag\u00e9s. Les chauffeurs ont la ma\u00eetrise du camion et le transporteur est l\u2019entrepreneur. Ce sont deux choses diff\u00e9rentes. C\u2019est la Fa\u00eeti\u00e8re unique des transporteurs routiers du Burkina (FUTRB) qui a engag\u00e9 des \u00e9changes avec le gouvernement depuis le 2 avril pour aboutir \u00e0 la signature du protocole d\u2019accord le 30 avril 2020. Par cons\u00e9quent, nous avons anticip\u00e9 pour dire que nous sommes suffisamment sensibilis\u00e9s et pr\u00eats \u00e0 reprendre avec les mesures \u00e9dict\u00e9es. Avant la reprise, on se retrouvait dans les gares pour \u00e9changer. Il n\u2019y a donc pas d\u2019\u00e9cart entre les transporteurs et les chauffeurs routiers.<\/p>\n<p><strong>S\u00a0: Apr\u00e8s la mise en place de la FUTRB que vous dirigez, une autre faiti\u00e8re est n\u00e9e, le Haut conseil des transporteurs du Burkina Faso (HCT-BF). La gu\u00e9guerre est-elle derri\u00e8re vous?<\/strong><br \/><strong>I. M.\u00a0<\/strong>: Il n\u2019y a jamais eu de gu\u00e9guerre au sein de la FUTRB. Nous sommes optimistes et pr\u00e9voyants. Au d\u00e9part, nous sommes all\u00e9s sur la base de 19 structures recens\u00e9es par le minist\u00e8re des Transports, de la Mobilit\u00e9 urbaine et de la S\u00e9curit\u00e9 routi\u00e8re pour former la FUTRB. Ceux qui n\u2019ont pas pu venir \u00e0 Bobo-Dioulasso pour l\u2019officialisation de la fa\u00eeti\u00e8re ont n\u00e9anmoins suivi le processus de sa mise en \u0153uvre. A Bobo-Dioulasso, nous \u00e9tions 15 structures le premier et deuxi\u00e8me jour. Nous avons b\u00e9n\u00e9fici\u00e9 de l\u2019accompagnement du gouvernement en tant qu\u2019observateur. Nous nous sommes \u00e9galement attach\u00e9s les services d\u2019un huissier qui a suivi la r\u00e9gularit\u00e9 des travaux. Il n\u2019y a pas de gu\u00e9guerre entre nous et le HCT-BF, au point de ne pas se parler. Du reste, il y a des fondateurs, des adh\u00e9rents et des dirigeants. Aujourd\u2019hui, les 15 structures peuvent se r\u00e9clamer membres fondateurs de la FUTRB. Ceux qui n\u2019ont pas pu prendre la marche peuvent nous rejoindre \u00e0 tout moment. Nous ne comptons pas faire la guerre.<\/p>\n<p><strong>S\u00a0: Quel appel avez-vous \u00e0 lancer \u00e0 la faveur de cette reprise\u00a0?<\/strong><br \/><strong>I. M.\u00a0<\/strong>: Mon premier souhait le plus ardent est qu\u2019ensemble, nous boutons le COVID-19 hors de nos fronti\u00e8res. Nous v\u00e9hiculons des personnes et sommes cens\u00e9s \u00eatre des relais entre le Burkina Faso et les autres nations. Mon deuxi\u00e8me souhait est que les populations respectent les mesures barri\u00e8res.<\/p>\n<p class=\"c1\"><strong>Entretien r\u00e9alis\u00e9 par Boukary<\/strong><br \/><strong>BONKOUNGOU et Wanl\u00e9 G\u00e9rard COULIBALY<\/strong><\/p>\n<div class=\"td-a-rec td-a-rec-id-content_bottom tdi_31_cc8 td_block_template_1\"><img loading=\"lazy\" decoding=\"async\" class=\"aligncenter size-full wp-image-9623\" src=\"https:\/\/www.sidwaya.info\/wp-content\/uploads\/2019\/06\/Projet-bannie\u0300re-Orange-mobile.jpg\" alt=\"\" width=\"728\" height=\"81\"\/><\/div>\n<p>Auteur: DD. Sidwaya<br \/>\n<a href=\"https:\/\/www.sidwaya.info\/blog\/2020\/05\/04\/reprise-des-transports-nous-allons-saisir-cette-occasion-avec-responsabilite-issoufou-maiga\/\">Cliquez ici pour lire l&rsquo;article depuis sa source.<\/a><\/p>\n","protected":false},"excerpt":{"rendered":"<p>Les transports en commun reprennent de service ce mardi 5 mai 2020. Dans cette interview, le pr\u00e9sident de la Fa\u00eeti\u00e8re unique des transporteurs routiers du Burkina (FUTRB), Issoufou Ma\u00efga, apporte des \u00e9clairages. Sidwaya (S)\u00a0: Pr\u00e9vus pour d\u00e9marrer le 4 mai, c\u2019est finalement ce mardi que les transports en commun reprennent. Qu\u2019est-ce qui explique ce report [&hellip;]<\/p>\n","protected":false},"author":1816,"featured_media":84343,"comment_status":"closed","ping_status":"closed","sticky":false,"template":"","format":"standard","meta":{"fifu_image_url":"","fifu_image_alt":"","footnotes":""},"categories":[73,81],"tags":[],"class_list":["post-84342","post","type-post","status-publish","format-standard","has-post-thumbnail","hentry","category-actualite","category-burkina-faso"],"_links":{"self":[{"href":"https:\/\/linitiative.ca\/International\/wp-json\/wp\/v2\/posts\/84342","targetHints":{"allow":["GET"]}}],"collection":[{"href":"https:\/\/linitiative.ca\/International\/wp-json\/wp\/v2\/posts"}],"about":[{"href":"https:\/\/linitiative.ca\/International\/wp-json\/wp\/v2\/types\/post"}],"author":[{"embeddable":true,"href":"https:\/\/linitiative.ca\/International\/wp-json\/wp\/v2\/users\/1816"}],"replies":[{"embeddable":true,"href":"https:\/\/linitiative.ca\/International\/wp-json\/wp\/v2\/comments?post=84342"}],"version-history":[{"count":0,"href":"https:\/\/linitiative.ca\/International\/wp-json\/wp\/v2\/posts\/84342\/revisions"}],"wp:featuredmedia":[{"embeddable":true,"href":"https:\/\/linitiative.ca\/International\/wp-json\/"}],"wp:attachment":[{"href":"https:\/\/linitiative.ca\/International\/wp-json\/wp\/v2\/media?parent=84342"}],"wp:term":[{"taxonomy":"category","embeddable":true,"href":"https:\/\/linitiative.ca\/International\/wp-json\/wp\/v2\/categories?post=84342"},{"taxonomy":"post_tag","embeddable":true,"href":"https:\/\/linitiative.ca\/International\/wp-json\/wp\/v2\/tags?post=84342"}],"curies":[{"name":"wp","href":"https:\/\/api.w.org\/{rel}","templated":true}]}}