{"id":84348,"date":"2020-05-04T15:18:07","date_gmt":"2020-05-04T19:18:07","guid":{"rendered":"https:\/\/linitiative.ca\/International\/lafrique-du-sud-teste-les-effets-du-bcg-sur-le-coronavirus\/"},"modified":"2020-05-04T15:18:07","modified_gmt":"2020-05-04T19:18:07","slug":"lafrique-du-sud-teste-les-effets-du-bcg-sur-le-coronavirus","status":"publish","type":"post","link":"https:\/\/linitiative.ca\/International\/lafrique-du-sud-teste-les-effets-du-bcg-sur-le-coronavirus\/","title":{"rendered":"l\u2019Afrique du Sud teste les effets du BCG sur le coronavirus"},"content":{"rendered":"<div readability=\"32\">\n<p>Publi\u00e9 le 04.05.2020 \u00e0 20h18 par APA News<\/p>\n<\/div>\n<div readability=\"76\">\n<p>L\u2019Afrique du Sud a d\u00e9but\u00e9 ce lundi des essais cliniques dans la ville de Cap pour mesures les effets protecteurs du BCG contre le coranavirus.Cr\u00e9\u00e9 en 1921, le vaccin BCG (bacille de Calmette et Gu\u00e9rin) prot\u00e8ge officiellement contre la tuberculose. Mais, certains chercheurs ont montr\u00e9 que ce vaccin, qui est l\u2019un des moins chers au monde, pourrait \u00e9ventuellement lutter contre le nouveau coronavirus (Covid-19).<\/p>\n<p>L\u2019Afrique du Sud, touch\u00e9 par la pand\u00e9mie a d\u00e9cid\u00e9 d\u2019effectuer des tests pour mesurer les impacts du BCG contre le Covid-19.<\/p>\n<p>\u00ab\u00a0L\u2019essai clinique a commenc\u00e9, nous avons vaccin\u00e9 les premiers participants ce matin\u00a0\u00bb a d\u00e9clar\u00e9 \u00e0 l\u2019AFP Duncan McDonald, un des responsables de l\u2019organisation de recherche m\u00e9dicale TASK qui m\u00e8ne l\u2019exp\u00e9rience.<\/p>\n<p>Ce test \u2013 250 soignants recevront une injection de BCG et 250 autres un placebo \u2013 est conduit \u00e0 l\u2019h\u00f4pital Tygerberg sous la direction du Pr Andreas Diacon, le patron de TASK.<\/p>\n<p>\u00ab\u00a0Certaines observations sugg\u00e8rent que le BCG a des effets sur le syst\u00e8me immunitaire que nous ne comprenons pas encore totalement, notamment qu\u2019il le renforce contre les infections respiratoires\u00a0\u00bb, a indiqu\u00e9 \u00e0 l\u2019AFP le Pr Diacon.<\/p>\n<p>Des \u00e9tudes ont ainsi prouv\u00e9 que les enfants immunis\u00e9s par le BCG souffraient moins de maladies respiratoires. D\u2019autres travaux sugg\u00e8rent qu\u2019il pourrait prot\u00e9ger de l\u2019asthme et des maladies auto-immunes comme le diab\u00e8te de type 1.<\/p>\n<p>Les scientifiques cherchent \u00e0 d\u00e9montrer qu\u2019il pourrait avoir des effets b\u00e9n\u00e9fiques similaires contre le coronavirus.<\/p>\n<p>\u00ab\u00a0S\u2019il \u00e9tait possible de r\u00e9duire juste un peu les sympt\u00f4mes de cette \u00e9pid\u00e9mie de Covid-19, cela permettrait d\u2019augmenter les chances de survie, d\u2018\u00e9viter des hospitalisations voire de tomber malade\u00a0\u00bb a esp\u00e9r\u00e9 le Pr Andreas Diacon.<\/p>\n<p>Si les r\u00e9sultats des essais en cours un peu partout dans le monde s\u2019av\u00e8rent concluants, le vaccin BCG pourrait soulager la plan\u00e8te face \u00e0 la pand\u00e9mie de coronavirus.\u00a0<\/p>\n<\/div>\n<p>Auteur: APA News<br \/>\n<a href=\"https:\/\/www.journalducameroun.com\/lafrique-du-sud-teste-les-effets-du-bcg-sur-le-coronavirus\/\">Cliquez ici pour lire l&rsquo;article depuis sa source.<\/a><\/p>\n","protected":false},"excerpt":{"rendered":"<p>Publi\u00e9 le 04.05.2020 \u00e0 20h18 par APA News L\u2019Afrique du Sud a d\u00e9but\u00e9 ce lundi des essais cliniques dans la ville de Cap pour mesures les effets protecteurs du BCG contre le coranavirus.Cr\u00e9\u00e9 en 1921, le vaccin BCG (bacille de Calmette et Gu\u00e9rin) prot\u00e8ge officiellement contre la tuberculose. Mais, certains chercheurs ont montr\u00e9 que ce [&hellip;]<\/p>\n","protected":false},"author":1965,"featured_media":0,"comment_status":"closed","ping_status":"closed","sticky":false,"template":"","format":"standard","meta":{"fifu_image_url":"","fifu_image_alt":"","footnotes":""},"categories":[73,82],"tags":[],"class_list":["post-84348","post","type-post","status-publish","format-standard","hentry","category-actualite","category-cameroun"],"_links":{"self":[{"href":"https:\/\/linitiative.ca\/International\/wp-json\/wp\/v2\/posts\/84348","targetHints":{"allow":["GET"]}}],"collection":[{"href":"https:\/\/linitiative.ca\/International\/wp-json\/wp\/v2\/posts"}],"about":[{"href":"https:\/\/linitiative.ca\/International\/wp-json\/wp\/v2\/types\/post"}],"author":[{"embeddable":true,"href":"https:\/\/linitiative.ca\/International\/wp-json\/wp\/v2\/users\/1965"}],"replies":[{"embeddable":true,"href":"https:\/\/linitiative.ca\/International\/wp-json\/wp\/v2\/comments?post=84348"}],"version-history":[{"count":0,"href":"https:\/\/linitiative.ca\/International\/wp-json\/wp\/v2\/posts\/84348\/revisions"}],"wp:attachment":[{"href":"https:\/\/linitiative.ca\/International\/wp-json\/wp\/v2\/media?parent=84348"}],"wp:term":[{"taxonomy":"category","embeddable":true,"href":"https:\/\/linitiative.ca\/International\/wp-json\/wp\/v2\/categories?post=84348"},{"taxonomy":"post_tag","embeddable":true,"href":"https:\/\/linitiative.ca\/International\/wp-json\/wp\/v2\/tags?post=84348"}],"curies":[{"name":"wp","href":"https:\/\/api.w.org\/{rel}","templated":true}]}}