{"id":84351,"date":"2020-05-04T17:18:03","date_gmt":"2020-05-04T21:18:03","guid":{"rendered":"https:\/\/linitiative.ca\/International\/covid-19-pas-de-licenciement-dans-les-banques-au-nigeria-officiel\/"},"modified":"2020-05-04T17:18:03","modified_gmt":"2020-05-04T21:18:03","slug":"covid-19-pas-de-licenciement-dans-les-banques-au-nigeria-officiel","status":"publish","type":"post","link":"https:\/\/linitiative.ca\/International\/covid-19-pas-de-licenciement-dans-les-banques-au-nigeria-officiel\/","title":{"rendered":"Covid-19 : pas de licenciement dans les banques au Nigeria (officiel)"},"content":{"rendered":"<div readability=\"32\">\n<p>Publi\u00e9 le 04.05.2020 \u00e0 22h18 par APA News<\/p>\n<\/div>\n<div readability=\"60\">\n<p>La Banque centrale du Nigeria (CBN) et le Comit\u00e9 des banquiers du pays ont d\u00e9cid\u00e9 de ne pas supprimer des emplois dans leurs effectifs en d\u00e9pit des r\u00e9percussions du nouveau coronavirus, a appris APA lundiSelon le directeur de la Communication de la CBN, Isaac Okorafor, cette mesure va minimiser et att\u00e9nuer l\u2019impact n\u00e9gatif de la pand\u00e9mie sur les familles et les moyens de subsistance des employ\u00e9s de banque.<\/p>\n<p>\u00a0\u00ab Afin de contribuer \u00e0 minimiser et \u00e0 att\u00e9nuer l\u2019impact n\u00e9gatif de la pand\u00e9mie de Covid-19 sur les familles et les moyens de subsistance, aucune banque au Nigeria ne devra r\u00e9duire ou licencier le personnel d\u2019un cadre quelconque (y compris \u00e0 temps plein et \u00e0 temps partiel) \u00bb, a-t-il rapport\u00e9.\u00a0<\/p>\n<p>\u00a0S\u2019exprimant depuis Abuja, Isaac Okorafor a soulign\u00e9 que cette d\u00e9lib\u00e9ration du Comit\u00e9 faite lors d\u2019une r\u00e9union tenue samedi 2 mai, tient compte malgr\u00e9 tout de la question des co\u00fbts d\u2019exploitation des banques dont les perturbations sont inh\u00e9rentes aux difficult\u00e9s \u00e9conomiques mondiales.<\/p>\n<p>\u00a0\u00ab Pour donner effet \u00e0 la mesure ci-dessus, l\u2019approbation express de la Banque centrale du Nigeria sera requise au cas o\u00f9 il deviendrait absolument n\u00e9cessaire de licencier un tel personnel \u00bb, pr\u00e9cise la presse locale qui cite Okorafor, avant d\u2019ajouter que la Banque centrale du Nigeria sollicite le soutien de tous dans \u00ab notre effort collectif \u00bb pour surmonter les d\u00e9fis \u00e9conomiques occasionn\u00e9s par la pand\u00e9mie.<\/p>\n<\/div>\n<p>Auteur: APA News<br \/>\n<a href=\"https:\/\/www.journalducameroun.com\/covid-19-pas-de-licenciement-dans-les-banques-au-nigeria-officiel\/\">Cliquez ici pour lire l&rsquo;article depuis sa source.<\/a><\/p>\n","protected":false},"excerpt":{"rendered":"<p>Publi\u00e9 le 04.05.2020 \u00e0 22h18 par APA News La Banque centrale du Nigeria (CBN) et le Comit\u00e9 des banquiers du pays ont d\u00e9cid\u00e9 de ne pas supprimer des emplois dans leurs effectifs en d\u00e9pit des r\u00e9percussions du nouveau coronavirus, a appris APA lundiSelon le directeur de la Communication de la CBN, Isaac Okorafor, cette mesure [&hellip;]<\/p>\n","protected":false},"author":1965,"featured_media":0,"comment_status":"closed","ping_status":"closed","sticky":false,"template":"","format":"standard","meta":{"fifu_image_url":"","fifu_image_alt":"","footnotes":""},"categories":[73,82],"tags":[],"class_list":["post-84351","post","type-post","status-publish","format-standard","hentry","category-actualite","category-cameroun"],"_links":{"self":[{"href":"https:\/\/linitiative.ca\/International\/wp-json\/wp\/v2\/posts\/84351","targetHints":{"allow":["GET"]}}],"collection":[{"href":"https:\/\/linitiative.ca\/International\/wp-json\/wp\/v2\/posts"}],"about":[{"href":"https:\/\/linitiative.ca\/International\/wp-json\/wp\/v2\/types\/post"}],"author":[{"embeddable":true,"href":"https:\/\/linitiative.ca\/International\/wp-json\/wp\/v2\/users\/1965"}],"replies":[{"embeddable":true,"href":"https:\/\/linitiative.ca\/International\/wp-json\/wp\/v2\/comments?post=84351"}],"version-history":[{"count":0,"href":"https:\/\/linitiative.ca\/International\/wp-json\/wp\/v2\/posts\/84351\/revisions"}],"wp:attachment":[{"href":"https:\/\/linitiative.ca\/International\/wp-json\/wp\/v2\/media?parent=84351"}],"wp:term":[{"taxonomy":"category","embeddable":true,"href":"https:\/\/linitiative.ca\/International\/wp-json\/wp\/v2\/categories?post=84351"},{"taxonomy":"post_tag","embeddable":true,"href":"https:\/\/linitiative.ca\/International\/wp-json\/wp\/v2\/tags?post=84351"}],"curies":[{"name":"wp","href":"https:\/\/api.w.org\/{rel}","templated":true}]}}