{"id":84352,"date":"2020-05-04T17:18:06","date_gmt":"2020-05-04T21:18:06","guid":{"rendered":"https:\/\/linitiative.ca\/International\/la-technologie-du-digital-seul-recours-a-meme-de-maintenir-un-niveau-minimal-dactivites-experte-marocaine\/"},"modified":"2020-05-04T17:18:06","modified_gmt":"2020-05-04T21:18:06","slug":"la-technologie-du-digital-seul-recours-a-meme-de-maintenir-un-niveau-minimal-dactivites-experte-marocaine","status":"publish","type":"post","link":"https:\/\/linitiative.ca\/International\/la-technologie-du-digital-seul-recours-a-meme-de-maintenir-un-niveau-minimal-dactivites-experte-marocaine\/","title":{"rendered":"La technologie du digital, seul recours \u00e0 m\u00eame de maintenir un niveau minimal d\u2019activit\u00e9s (experte marocaine)"},"content":{"rendered":"<div readability=\"32\">\n<p>Publi\u00e9 le 04.05.2020 \u00e0 22h18 par APA News<\/p>\n<\/div>\n<div readability=\"128\">\n<p>Propos recueillis par Hicham Alaoui \u2013<br \/>La digitalisation et l\u2019usage des TIC se sont d\u00e9sormais impos\u00e9s comme le seul recours \u00e0 m\u00eame de maintenir un niveau minimal d\u2019activit\u00e9 tout en respectant les r\u00e8gles de distanciation dict\u00e9es par cette crise sanitaire sans pr\u00e9c\u00e9dent li\u00e9e au COVID-19, a soutenu l\u2019experte marocaine, Aatimad Zahidi, ex-d\u00e9put\u00e9e et ing\u00e9nieure en Informatique.\u00ab La pand\u00e9mie du Coronavirus a plong\u00e9 le monde dans une crise sanitaire, \u00e9conomique et sociale sans pr\u00e9c\u00e9dent, mena\u00e7ant de paralyser son syst\u00e8me productif. \u00a0La digitalisation et l\u2019usage des TIC se sont impos\u00e9s comme le seul recours \u00e0 m\u00eame de maintenir un niveau minimal d\u2019activit\u00e9 tout en respectant les r\u00e8gles de distanciation dict\u00e9es par cette crise sanitaire \u00bb, a estim\u00e9 Mme Aatimad Zahidi dans une interview exclusive avec APA.<\/p>\n<p>Le recours \u00e0 cette technologie du digital s\u2019est illustr\u00e9 par le d\u00e9veloppement\u00a0du t\u00e9l\u00e9travail et les r\u00e9unions via visio-conf\u00e9rence mais \u00e9galement dans le domaine moins connu du travail diplomatique que ce soit en Afrique ou ailleurs, a fait savoir cette Doctorante en Droit international public.<\/p>\n<p>Pour ce qui est la diplomatie digitale en Afrique \u00e0 l\u2019aune de la pand\u00e9mie, l\u2019experte marocaine a rappel\u00e9 que depuis l\u2019av\u00e8nement du r\u00e8gne du Roi Mohammed VI, la politique \u00e9trang\u00e8re du Maroc a plac\u00e9 l\u2019Afrique au c\u0153ur de ses pr\u00e9occupations \u00e0 travers une coop\u00e9ration Sud-Sud, mettant son exp\u00e9rience et son savoir-faire au service des pays africains.<\/p>\n<p>Ainsi, plus de 1.000 accords dans diff\u00e9rents domaines notamment celui de la digitalisation, a-t-elle relev\u00e9, notant que \u00a0le Maroc, avec son \u00e9cosyst\u00e8me autour de la fabrication de la fibre optique et d\u00e9di\u00e9 aux nouvelles technologies, fait \u00ab figure de leader \u00bb.<\/p>\n<p>Interrog\u00e9e sur l\u2019impact des visio-conf\u00e9rences sur le processus de la n\u00e9gociation, Mme Zahidi a fait observer que les rencontres \u00ab face to face \u00bb \u00a0et le \u00ab cercle diplomatique \u00bb sont en g\u00e9n\u00e9ral le th\u00e9\u00e2tre privil\u00e9gi\u00e9 du processus de n\u00e9gociation.<\/p>\n<p>Selon elle, cette pratique traditionnelle tant pris\u00e9e par les diplomates a d\u00fb \u00eatre mise en veille par les r\u00e8gles prudentielles de distanciation pour laisser la place aux rencontres visuelles permises par les nouvelles technologies.<\/p>\n<p>Il va sans dire que l\u2019urgence de la concertation internationale et des \u00e9changes quasi-quotidiens entre les Autorit\u00e9s gouvernementales a consacr\u00e9 la pratique de la visioonf\u00e9rence permettant une gestion de crise optimale, a-t-elle enchain\u00e9.\u00a0<\/p>\n<p>Et d\u2019\u00e9tayer que le monde diplomatique comme le reste des acteurs \u00e9conomiques s\u2019est adapt\u00e9 \u00e0 cette nouvelle \u00e8re, chose pour laquelle ce monde est en passe d\u2019instaurer ses nouveaux outils de n\u00e9gociation en les ajustant et en les r\u00e8glementant.<\/p>\n<p>\u00ab A terme, les rencontres en pr\u00e9sentiel, plus pris\u00e9es par tout diplomate car consacrant sur le terrain son m\u00e9tier, pourront \u00eatre le th\u00e9\u00e2tre final du long processus de n\u00e9gociation qui aura \u00e9t\u00e9 r\u00e9alis\u00e9 \u00e0 distance, permettant ainsi un gain de temps et de ressources inestimables \u00bb, a comment\u00e9 l\u2019experte marocaine.<\/p>\n<p>Certes, dans le domaine des affaires, la visioconf\u00e9rence a permis d\u2019abolir les distances en vue d\u2019am\u00e9liorer la productivit\u00e9 et de r\u00e9duire les co\u00fbts et, \u00e0 ce titre, elle est devenue une pratique commune au sein des entreprises multinationales, a-t-elle soulign\u00e9.<\/p>\n<p>\u00ab Cette tendance est confirm\u00e9e par des \u00e9tudes et des rapports au niveau international. En effet, elle a r\u00e9duit le temps et le co\u00fbt du transport ainsi que les budgets d\u00e9di\u00e9s aux prestataires de l\u2019\u00e9v\u00e9nementiel \u00bb, a poursuivi Mme Zahidi.<\/p>\n<p>Et comme toute technologie renferme des r\u00e9percussions n\u00e9gatives sur des secteurs gravitant dans son \u00e9cosyst\u00e8me, la visio-conf\u00e9rence a introduit de nouvelles contraintes dans le march\u00e9 des entreprises de communication et d\u2019\u00e9v\u00e8nementiels les obligeant \u00e0 s\u2019adapter \u00e0 la nouvelle situation.<\/p>\n<p>Incontestablement, l\u2019impact n\u2019est pas n\u00e9gligeable sur leurs carnets de commande, les obligeant par la m\u00eame occasion \u00e0 innover et \u00e0 se renouveler, a-t-elle relev\u00e9.<\/p>\n<p>\u00ab Aujourd\u2019hui l\u2019espace virtuel se pr\u00e9sente comme le seul espoir pour les organisations humaines dans le monde post-Covid19. Il serait recommand\u00e9 de saisir cette occasion, et d\u2019adopter ces nouvelles techniques voire d\u2019en faire un espace ma\u00eetris\u00e9 \u00bb, a recommand\u00e9 sans ambages l\u2019experte marocaine.<\/p>\n<\/div>\n<p>Auteur: APA News<br \/>\n<a href=\"https:\/\/www.journalducameroun.com\/la-technologie-du-digital-seul-recours-a-meme-de-maintenir-un-niveau-minimal-dactivites-experte-marocaine\/\">Cliquez ici pour lire l&rsquo;article depuis sa source.<\/a><\/p>\n","protected":false},"excerpt":{"rendered":"<p>Publi\u00e9 le 04.05.2020 \u00e0 22h18 par APA News Propos recueillis par Hicham Alaoui \u2013La digitalisation et l\u2019usage des TIC se sont d\u00e9sormais impos\u00e9s comme le seul recours \u00e0 m\u00eame de maintenir un niveau minimal d\u2019activit\u00e9 tout en respectant les r\u00e8gles de distanciation dict\u00e9es par cette crise sanitaire sans pr\u00e9c\u00e9dent li\u00e9e au COVID-19, a soutenu l\u2019experte [&hellip;]<\/p>\n","protected":false},"author":1965,"featured_media":0,"comment_status":"closed","ping_status":"closed","sticky":false,"template":"","format":"standard","meta":{"fifu_image_url":"","fifu_image_alt":"","footnotes":""},"categories":[73,82],"tags":[],"class_list":["post-84352","post","type-post","status-publish","format-standard","hentry","category-actualite","category-cameroun"],"_links":{"self":[{"href":"https:\/\/linitiative.ca\/International\/wp-json\/wp\/v2\/posts\/84352","targetHints":{"allow":["GET"]}}],"collection":[{"href":"https:\/\/linitiative.ca\/International\/wp-json\/wp\/v2\/posts"}],"about":[{"href":"https:\/\/linitiative.ca\/International\/wp-json\/wp\/v2\/types\/post"}],"author":[{"embeddable":true,"href":"https:\/\/linitiative.ca\/International\/wp-json\/wp\/v2\/users\/1965"}],"replies":[{"embeddable":true,"href":"https:\/\/linitiative.ca\/International\/wp-json\/wp\/v2\/comments?post=84352"}],"version-history":[{"count":0,"href":"https:\/\/linitiative.ca\/International\/wp-json\/wp\/v2\/posts\/84352\/revisions"}],"wp:attachment":[{"href":"https:\/\/linitiative.ca\/International\/wp-json\/wp\/v2\/media?parent=84352"}],"wp:term":[{"taxonomy":"category","embeddable":true,"href":"https:\/\/linitiative.ca\/International\/wp-json\/wp\/v2\/categories?post=84352"},{"taxonomy":"post_tag","embeddable":true,"href":"https:\/\/linitiative.ca\/International\/wp-json\/wp\/v2\/tags?post=84352"}],"curies":[{"name":"wp","href":"https:\/\/api.w.org\/{rel}","templated":true}]}}