{"id":84354,"date":"2020-05-04T12:56:24","date_gmt":"2020-05-04T16:56:24","guid":{"rendered":"https:\/\/linitiative.ca\/International\/aeroports-du-cameroun-70-des-activites-perturbees\/"},"modified":"2020-05-04T12:56:24","modified_gmt":"2020-05-04T16:56:24","slug":"aeroports-du-cameroun-70-des-activites-perturbees","status":"publish","type":"post","link":"https:\/\/linitiative.ca\/International\/aeroports-du-cameroun-70-des-activites-perturbees\/","title":{"rendered":"A\u00e9roports du Cameroun : 70% des activit\u00e9s perturb\u00e9es"},"content":{"rendered":"<div id=\"the-post\">\n<div class=\"featured-area featured-area-inner\" readability=\"7\"><img loading=\"lazy\" decoding=\"async\" width=\"500\" height=\"375\" src=\"https:\/\/ecomatin.net\/wp-content\/uploads\/2020\/05\/AEROPORT-INTERNATIONAL-DE-DOUALA.jpg\" class=\"attachment-jannah-image-post size-jannah-image-post wp-post-image\" alt=\"A&#xE9;roport international de Douala\" srcset=\"https:\/\/ecomatin.net\/wp-content\/uploads\/2020\/05\/AEROPORT-INTERNATIONAL-DE-DOUALA.jpg 500w, https:\/\/ecomatin.net\/wp-content\/uploads\/2020\/05\/AEROPORT-INTERNATIONAL-DE-DOUALA-300x225.jpg 300w\" sizes=\"auto, (max-width: 500px) 100vw, 500px\" data-attachment-id=\"15724\" data-permalink=\"https:\/\/ecomatin.net\/aeroports-du-cameroun-70-des-activites-perturbees\/aeroport-international-de-douala-2\/\" data-orig-file=\"https:\/\/ecomatin.net\/wp-content\/uploads\/2020\/05\/AEROPORT-INTERNATIONAL-DE-DOUALA.jpg\" data-orig-size=\"500,375\" data-comments-opened=\"0\" data-image-meta=\"{&quot;aperture&quot;:&quot;0&quot;,&quot;credit&quot;:&quot;&quot;,&quot;camera&quot;:&quot;&quot;,&quot;caption&quot;:&quot;&quot;,&quot;created_timestamp&quot;:&quot;0&quot;,&quot;copyright&quot;:&quot;&quot;,&quot;focal_length&quot;:&quot;0&quot;,&quot;iso&quot;:&quot;0&quot;,&quot;shutter_speed&quot;:&quot;0&quot;,&quot;title&quot;:&quot;&quot;,&quot;orientation&quot;:&quot;0&quot;}\" data-image-title=\"AEROPORT INTERNATIONAL DE DOUALA\" data-image-description=\"\" data-medium-file=\"https:\/\/ecomatin.net\/wp-content\/uploads\/2020\/05\/AEROPORT-INTERNATIONAL-DE-DOUALA-300x225.jpg\" data-large-file=\"https:\/\/ecomatin.net\/wp-content\/uploads\/2020\/05\/AEROPORT-INTERNATIONAL-DE-DOUALA.jpg\"\/> A\u00e9roport international de Douala<\/div>\n<div class=\"entry-content entry clearfix\" readability=\"50.661559888579\">\n<p>L\u2019avenir s\u2019annonce bien sombre pour les A\u00e9roports du Cameroun (ADC).\u00a0\u00a0Le Directeur de l\u2019exploitation L\u00e9opold Longo, parle d\u2019une baisse des activit\u00e9s de l\u2019ordre de 70% depuis la d\u00e9cision du gouvernement le 17 mars de fermer les fronti\u00e8res a\u00e9riennes.\u00a0\u00a0L\u2019estimation pourrait s\u2019alourdir au regard de la situation de la pand\u00e9mie du Covid-19 qui est loin d\u2019\u00eatre achev\u00e9e. Depuis la cr\u00e9ation des ADC le 12 ao\u00fbt 1994 et la signature de convention\u00a0\u00a0de concession avec l\u2019Etat le 1<sup>er<\/sup>\u00a0octobre de la m\u00eame ann\u00e9e,\u00a0\u00a0c\u2019est la premi\u00e8re fois que ses A\u00e9roports internationaux se trouvent face \u00e0 une situation de quasi-arr\u00eat des activit\u00e9s \u00ab\u00a0<em>C\u2019est un visage tr\u00e8s sombre, les A\u00e9roports continuent uniquement \u00e0 fonctionner avec les vols de rapatriement et les vols cargo. Nous avons \u00e9t\u00e9 oblig\u00e9s de mettre une bonne partie de notre personnel en cong\u00e9 annuel anticip\u00e9<\/em>\u00a0\u00bb relate Directeur de l\u2019exploitation chez ADC.<\/p>\n<p>Samedi 2 Mai, \u00e0 l\u2019A\u00e9roport -international de Nsimalen c\u2019est une ambiance peu ordinaire qui pr\u00e9valait. Quatre vols \u00e9taient programm\u00e9s, mais seront malheureusement annul\u00e9s. \u00ab\u00a0Pour le mois de mars, c\u2019est plus de 70%\u00a0\u00a0des activit\u00e9s qui sont en arr\u00eat.\u00a0\u00a0Nous vivons dans cette situation depuis le mois de f\u00e9vrier qui a eu son pic \u00e0 la fermeture des fronti\u00e8res \u00a0explique le directeur de l\u2019exploitation.\u00a0\u00a0Une baisse des activit\u00e9s qui a pour cons\u00e9quence, la baisse des activit\u00e9s dans les parkings\u00a0\u00bb indique Basile Mbarga, chef de la session des parkings. Il a cess\u00e9 de compter les nombreux v\u00e9hicules qui transportent les passagers. Ses tickets d\u2019acc\u00e8s au parc ne sont plus distribu\u00e9s \u00ab\u00a0<em>Nous avons un effectif de 33 taxis, depuis l\u2019apparition du coronavirus,\u00a0\u00a0l\u2019effectif est totalement r\u00e9duit. Nous n\u2019avons plus d\u2019entr\u00e9e concernant les recettes parkings\u00a0\u00bb<\/em> s\u2019indigne-t-il.\u00a0\u00a0<\/p>\n<p>Face \u00e0 cette pand\u00e9mie qui fragilise les sept a\u00e9roports plac\u00e9s sous la concession des ADC, et surtout pour \u00e9viter \u00e0 son personnel d\u2019\u00eatre infect\u00e9, Thomas Owona Assoumou,\u00a0\u00a0le Directeur g\u00e9n\u00e9ral a adopt\u00e9 des mesures barri\u00e8res tels que\u00a0le d\u00e9part de la quasi-totalit\u00e9 des personnels de l\u2019exploitation et de l\u2019assistance au sol et les personnels n\u2019ayant pas b\u00e9n\u00e9fici\u00e9 de leurs cong\u00e9s annuels en 2018 et 2019.<\/p>\n<p><strong><code>&gt;LIRE AUSSI-<\/code><\/strong> <strong><a href=\"https:\/\/ecomatin.net\/\/?s=A%C3%A9roports+du+Cameroun\">L\u2019a\u00e9roport international de Douala en voie de r\u00e9novation compl\u00e8te<\/a><\/strong><\/p>\n<div class=\"awac-wrapper awac widget posts-list-widget-13\">\n<h4 class=\"widget-title\">Recent Posts<\/h4>\n<\/div>\n<\/div>\n<\/div>\n<div readability=\"31.5\">\n<div class=\"container-wrapper subscribe-widget widget-inner-wrap subscribe-widget-content\" id=\"post-newsletter\" readability=\"33\">\n<h4>With Product You Purchase<\/h4>\n<h3>Subscribe to our mailing list to get the new updates!<\/h3>\n<p>Lorem ipsum dolor sit amet, consectetur.<\/p>\n<\/div>\n<\/div>\n<p>Auteur: EcoMatin<br \/>\n<a href=\"https:\/\/ecomatin.net\/aeroports-du-cameroun-70-des-activites-perturbees\/\">Cliquez ici pour lire l&rsquo;article depuis sa source.<\/a><\/p>\n","protected":false},"excerpt":{"rendered":"<p>A\u00e9roport international de Douala L\u2019avenir s\u2019annonce bien sombre pour les A\u00e9roports du Cameroun (ADC).\u00a0\u00a0Le Directeur de l\u2019exploitation L\u00e9opold Longo, parle d\u2019une baisse des activit\u00e9s de l\u2019ordre de 70% depuis la d\u00e9cision du gouvernement le 17 mars de fermer les fronti\u00e8res a\u00e9riennes.\u00a0\u00a0L\u2019estimation pourrait s\u2019alourdir au regard de la situation de la pand\u00e9mie du Covid-19 qui est [&hellip;]<\/p>\n","protected":false},"author":1969,"featured_media":84355,"comment_status":"closed","ping_status":"closed","sticky":false,"template":"","format":"standard","meta":{"fifu_image_url":"","fifu_image_alt":"","footnotes":""},"categories":[82,78],"tags":[],"class_list":["post-84354","post","type-post","status-publish","format-standard","has-post-thumbnail","hentry","category-cameroun","category-economie"],"_links":{"self":[{"href":"https:\/\/linitiative.ca\/International\/wp-json\/wp\/v2\/posts\/84354","targetHints":{"allow":["GET"]}}],"collection":[{"href":"https:\/\/linitiative.ca\/International\/wp-json\/wp\/v2\/posts"}],"about":[{"href":"https:\/\/linitiative.ca\/International\/wp-json\/wp\/v2\/types\/post"}],"author":[{"embeddable":true,"href":"https:\/\/linitiative.ca\/International\/wp-json\/wp\/v2\/users\/1969"}],"replies":[{"embeddable":true,"href":"https:\/\/linitiative.ca\/International\/wp-json\/wp\/v2\/comments?post=84354"}],"version-history":[{"count":0,"href":"https:\/\/linitiative.ca\/International\/wp-json\/wp\/v2\/posts\/84354\/revisions"}],"wp:featuredmedia":[{"embeddable":true,"href":"https:\/\/linitiative.ca\/International\/wp-json\/"}],"wp:attachment":[{"href":"https:\/\/linitiative.ca\/International\/wp-json\/wp\/v2\/media?parent=84354"}],"wp:term":[{"taxonomy":"category","embeddable":true,"href":"https:\/\/linitiative.ca\/International\/wp-json\/wp\/v2\/categories?post=84354"},{"taxonomy":"post_tag","embeddable":true,"href":"https:\/\/linitiative.ca\/International\/wp-json\/wp\/v2\/tags?post=84354"}],"curies":[{"name":"wp","href":"https:\/\/api.w.org\/{rel}","templated":true}]}}