{"id":84366,"date":"2020-05-05T10:22:35","date_gmt":"2020-05-05T14:22:35","guid":{"rendered":"https:\/\/linitiative.ca\/International\/tanger-les-abattoirs-et-marche-de-gros-des-fruits-et-legumes-maintiennent-la-cadence\/"},"modified":"2020-05-05T10:22:35","modified_gmt":"2020-05-05T14:22:35","slug":"tanger-les-abattoirs-et-marche-de-gros-des-fruits-et-legumes-maintiennent-la-cadence","status":"publish","type":"post","link":"https:\/\/linitiative.ca\/International\/tanger-les-abattoirs-et-marche-de-gros-des-fruits-et-legumes-maintiennent-la-cadence\/","title":{"rendered":"Tanger : Les abattoirs et march\u00e9 de gros des fruits et l\u00e9gumes maintiennent la cadence"},"content":{"rendered":"<p><img decoding=\"async\" class=\"post_layout_5_img\" src=\"http:\/\/aujourdhui.ma\/wp-content\/uploads\/2020\/05\/Tanger-abattoirs-et-march\u00e9-de-gros-des-fruits-et-l\u00e9gumes.jpg\" alt=\"Tanger : Les abattoirs et march&#xE9; de gros des fruits et l&#xE9;gumes maintiennent la cadence\"\/><\/p>\n<p><span class=\"c5\"><strong><span class=\"c4\">Les travaux de r\u00e9alisation avoisinent respectivement 80 et 90%<\/span><\/strong><\/span><br \/><span id=\"more-343963\"\/><\/p>\n<p><span class=\"c6\">Les nouveaux abattoirs sont con\u00e7us pour \u00eatre plus spacieux et bien \u00e9quip\u00e9s dans le strict respect de l\u2019environnement. Ils se distinguent par plusieurs espaces d\u2019\u00e9gorgement, bien s\u00e9par\u00e9s de ceux d\u00e9di\u00e9s au stockage des viandes.<\/span><\/p>\n<p>Pr\u00e9vus dans le cadre du m\u00e9gaprojet Tanger-M\u00e9tropole, les projets des abattoirs et march\u00e9 de gros des fruits et l\u00e9gumes avancent bien pour \u00eatre livr\u00e9s conform\u00e9ment \u00e0 l\u2019agenda nouvellement pr\u00e9\u00e9tabli. Selon les responsables de ce dossier, les travaux de r\u00e9alisation de ces deux nouvelles structures communales avoisinent respectivement 80 et 90%. D\u2019une enveloppe budg\u00e9taire globale de 128 millions de dirhams, les nouveaux abattoirs et march\u00e9 de gros des fruits et l\u00e9gumes, qui s\u2019inscrivent dans la continuit\u00e9 de grands chantiers de d\u00e9veloppement int\u00e9gr\u00e9s dans le cadre du programme royal Tanger-M\u00e9tropole, sont inspir\u00e9s des exp\u00e9riences r\u00e9ussies au niveau national et \u00e0 la hauteur des ambitions de la ville du d\u00e9troit.<\/p>\n<p>A l\u2019instar de la nouvelle gare routi\u00e8re, dont l\u2019ouverture officielle a eu lieu il y a \u00e0 peine six mois, les locaux de ces deux nouvelles structures communales- dont le d\u00e9marrage a \u00e9t\u00e9 \u00e9maill\u00e9 par quelques suspensions de travaux, sont am\u00e9nag\u00e9s dans leur ensemble \u00e0 la p\u00e9riph\u00e9rie et en respect des normes en vigueur. Surtout qu\u2019ils sont devenus dans un \u00e9tat d\u00e9plorable et tr\u00e8s encombrants au trafic routier au centre-ville.<\/p>\n<p>Concernant le projet du march\u00e9 de gros des fruits et l\u00e9gumes, celui-ci \u2013 qui n\u00e9cessite un investissement global de plus de 80 millions de dirhams- s\u2019\u00e9tend dans un terrain de 11 ha, sur la rocade sud de Tanger. Il est destin\u00e9 \u00e0 remplacer l\u2019actuel march\u00e9 de gros, situ\u00e9 dans l\u2019un des quartiers les plus peupl\u00e9s de l\u2019arrondissement B\u00e9ni Makada. Il est compos\u00e9 d\u2019une halle aux l\u00e9gumes de 5.520 m2, une deuxi\u00e8me de m\u00eame surface, consacr\u00e9e aux l\u00e9gumes, puis une troisi\u00e8me de vente de 2.500 m2. Alors qu\u2019un espace de 9.200 m2 est am\u00e9nag\u00e9 pour abriter des caisses vides et 1.850 m2 aux ventes sur camions. Et \u00e0 l\u2019instar des grands march\u00e9s de gros, des espaces sont am\u00e9nag\u00e9s pour accueillir, entre autres, des installations frigorifiques de 1.200 m2, des caf\u00e9s-restaurants de 260 m2 et des bureaux administratifs de 260 m2.<\/p>\n<p>Quant aux nouveaux abattoirs communaux, ceux-ci, qui n\u00e9cessitent un budget de 48 millions de dirhams, s\u2019\u00e9tendent sur une superficie de 4 ha, plus pr\u00e9cis\u00e9ment sur la rocade n\u00b0 9 sud, reliant les deux grandes routes nationales (RN1) et (RN2). Ces locaux sont con\u00e7us pour \u00eatre plus spacieux et bien \u00e9quip\u00e9s dans le strict respect de l\u2019environnement. Ils se distinguent par plusieurs espaces d\u2019\u00e9gorgement, bien s\u00e9par\u00e9s de ceux d\u00e9di\u00e9s au stockage des viandes. Les nouveaux abattoirs comportent, entre autres, des chambres froides et des services administratifs et de gestion de ces locaux. Notons que ce projet sera compl\u00e9t\u00e9 par la cr\u00e9ation d\u2019un march\u00e9 de b\u00e9tail mitoyen \u00e0 ces nouveaux locaux, et ce pour une enveloppe de 22 millions de dirhams.<\/p>\n<p>Auteur: Najat Fa\u00efssal<br \/>\n<a href=\"http:\/\/aujourdhui.ma\/societe\/tanger-les-abattoirs-et-marche-de-gros-des-fruits-et-legumes-maintiennent-la-cadence\">Cliquez ici pour lire l&rsquo;article depuis sa source.<\/a><\/p>\n","protected":false},"excerpt":{"rendered":"<p>Les travaux de r\u00e9alisation avoisinent respectivement 80 et 90% Les nouveaux abattoirs sont con\u00e7us pour \u00eatre plus spacieux et bien \u00e9quip\u00e9s dans le strict respect de l\u2019environnement. Ils se distinguent par plusieurs espaces d\u2019\u00e9gorgement, bien s\u00e9par\u00e9s de ceux d\u00e9di\u00e9s au stockage des viandes. Pr\u00e9vus dans le cadre du m\u00e9gaprojet Tanger-M\u00e9tropole, les projets des abattoirs et [&hellip;]<\/p>\n","protected":false},"author":1759,"featured_media":84367,"comment_status":"closed","ping_status":"closed","sticky":false,"template":"","format":"standard","meta":{"fifu_image_url":"","fifu_image_alt":"","footnotes":""},"categories":[73,54],"tags":[],"class_list":["post-84366","post","type-post","status-publish","format-standard","has-post-thumbnail","hentry","category-actualite","category-maroc"],"_links":{"self":[{"href":"https:\/\/linitiative.ca\/International\/wp-json\/wp\/v2\/posts\/84366","targetHints":{"allow":["GET"]}}],"collection":[{"href":"https:\/\/linitiative.ca\/International\/wp-json\/wp\/v2\/posts"}],"about":[{"href":"https:\/\/linitiative.ca\/International\/wp-json\/wp\/v2\/types\/post"}],"author":[{"embeddable":true,"href":"https:\/\/linitiative.ca\/International\/wp-json\/wp\/v2\/users\/1759"}],"replies":[{"embeddable":true,"href":"https:\/\/linitiative.ca\/International\/wp-json\/wp\/v2\/comments?post=84366"}],"version-history":[{"count":0,"href":"https:\/\/linitiative.ca\/International\/wp-json\/wp\/v2\/posts\/84366\/revisions"}],"wp:featuredmedia":[{"embeddable":true,"href":"https:\/\/linitiative.ca\/International\/wp-json\/"}],"wp:attachment":[{"href":"https:\/\/linitiative.ca\/International\/wp-json\/wp\/v2\/media?parent=84366"}],"wp:term":[{"taxonomy":"category","embeddable":true,"href":"https:\/\/linitiative.ca\/International\/wp-json\/wp\/v2\/categories?post=84366"},{"taxonomy":"post_tag","embeddable":true,"href":"https:\/\/linitiative.ca\/International\/wp-json\/wp\/v2\/tags?post=84366"}],"curies":[{"name":"wp","href":"https:\/\/api.w.org\/{rel}","templated":true}]}}