{"id":84372,"date":"2020-05-05T06:43:51","date_gmt":"2020-05-05T10:43:51","guid":{"rendered":"https:\/\/linitiative.ca\/International\/selon-chokri-hammouda-situation-epidemiologique-sous-controle\/"},"modified":"2020-05-05T06:43:51","modified_gmt":"2020-05-05T10:43:51","slug":"selon-chokri-hammouda-situation-epidemiologique-sous-controle","status":"publish","type":"post","link":"https:\/\/linitiative.ca\/International\/selon-chokri-hammouda-situation-epidemiologique-sous-controle\/","title":{"rendered":"Selon Chokri Hammouda :  Situation \u00e9pid\u00e9miologique sous contr\u00f4le"},"content":{"rendered":"<p>La situation \u00e9pid\u00e9miologique est sous contr\u00f4le, \u00e9tant donn\u00e9 que le nombre de gu\u00e9risons quotidiennes du Coronavirus est sup\u00e9rieur au nombre de contaminations \u00bb, a d\u00e9clar\u00e9, lundi, le directeur de l\u2019Instance nationale d\u2019\u00e9valuation et d\u2019accr\u00e9ditation en sant\u00e9 (INEAS).<\/p>\n<p>Il a indiqu\u00e9 que l\u2019augmentation du nombre de cas de gu\u00e9rison par rapport au nombre d\u2019infections enregistr\u00e9es quotidiennement, confirme que l\u2019\u00e9pid\u00e9mie est sous contr\u00f4le \u00bb, affirmant que l\u2019application du confinement sanitaire cibl\u00e9, qui a d\u00e9marr\u00e9, lundi 4 mai, requiert imp\u00e9rativement le respect des consignes de s\u00e9curit\u00e9 g\u00e9n\u00e9rale en pr\u00e9vention du coronavirus.<\/p>\n<p>Hammouda a estim\u00e9 \u00e0 cet \u00e9gard, que le confinement sanitaire cibl\u00e9 ne diff\u00e8re pas du confinement g\u00e9n\u00e9ral au niveau des mesures de s\u00e9curit\u00e9, dont la distanciation physique d\u2019au moins un m\u00e8tre entre les citoyens, a-t-il rappel\u00e9, ajoutant qu\u2019il s\u2019agit \u00e9galement de continuer \u00e0 \u00e9viter les rassemblements afin de minimiser les risques lors de cette phase visant \u00e0 permettre une reprise progressive des activit\u00e9s \u00e9conomiques.<\/p>\n<p>Il a soulign\u00e9 que l\u2019application du confinement cibl\u00e9, permettra au minist\u00e8re de la Sant\u00e9 de proc\u00e9der \u00e0 une \u00e9valuation continue de la situation, lui permettant une prise de d\u00e9cision quant \u00e0 un d\u00e9confinement progressif, ou, au contraire, d\u2019imposer plus de restrictions \u00e0 ce niveau.<\/p>\n<p>A noter que le bilan quotidien des cas de contamination enregistr\u00e9s quotidiennement en Tunisie a connu une baisse pendant plus de deux semaines cons\u00e9cutives, jusqu\u2019\u00e0 atteindre son niveau les plus bas depuis la d\u00e9tection du premier cas de Coronavirus au d\u00e9but du mois de mars.<\/p>\n<div class=\"wp-post-author-wrap wp-post-author-shortcode left\">\n<h3 class=\"awpa-title\"\/>\n<div class=\"wp-post-author\">\n<div class=\"awpa-img awpa-author-block square\"><a href=\"http:\/\/lexpertjournal.net\/fr\/?author=5\"><img loading=\"lazy\" decoding=\"async\" alt=\"\" src=\"http:\/\/0.gravatar.com\/avatar\/97f8e10a1c1125ba104a76514ee07b16?s=150&amp;d=mm&amp;r=g\" srcset=\"http:\/\/0.gravatar.com\/avatar\/97f8e10a1c1125ba104a76514ee07b16?s=300&amp;d=mm&amp;r=g 2x\" class=\"avatar avatar-150 photo\" height=\"150\" width=\"150\"\/><\/a><\/div>\n<\/div>\n<\/div>\n<aside class=\"mashsb-container mashsb-main mashsb-stretched\">\n<\/aside>\n<p>Auteur: L&rsquo;expert<br \/>\n<a href=\"http:\/\/lexpertjournal.net\/fr\/?p=14535\">Cliquez ici pour lire l&rsquo;article depuis sa source.<\/a><\/p>\n","protected":false},"excerpt":{"rendered":"<p>La situation \u00e9pid\u00e9miologique est sous contr\u00f4le, \u00e9tant donn\u00e9 que le nombre de gu\u00e9risons quotidiennes du Coronavirus est sup\u00e9rieur au nombre de contaminations \u00bb, a d\u00e9clar\u00e9, lundi, le directeur de l\u2019Instance nationale d\u2019\u00e9valuation et d\u2019accr\u00e9ditation en sant\u00e9 (INEAS). Il a indiqu\u00e9 que l\u2019augmentation du nombre de cas de gu\u00e9rison par rapport au nombre d\u2019infections enregistr\u00e9es quotidiennement, [&hellip;]<\/p>\n","protected":false},"author":1775,"featured_media":0,"comment_status":"closed","ping_status":"closed","sticky":false,"template":"","format":"standard","meta":{"fifu_image_url":"","fifu_image_alt":"","footnotes":""},"categories":[78,55],"tags":[],"class_list":["post-84372","post","type-post","status-publish","format-standard","hentry","category-economie","category-tunisie"],"_links":{"self":[{"href":"https:\/\/linitiative.ca\/International\/wp-json\/wp\/v2\/posts\/84372","targetHints":{"allow":["GET"]}}],"collection":[{"href":"https:\/\/linitiative.ca\/International\/wp-json\/wp\/v2\/posts"}],"about":[{"href":"https:\/\/linitiative.ca\/International\/wp-json\/wp\/v2\/types\/post"}],"author":[{"embeddable":true,"href":"https:\/\/linitiative.ca\/International\/wp-json\/wp\/v2\/users\/1775"}],"replies":[{"embeddable":true,"href":"https:\/\/linitiative.ca\/International\/wp-json\/wp\/v2\/comments?post=84372"}],"version-history":[{"count":0,"href":"https:\/\/linitiative.ca\/International\/wp-json\/wp\/v2\/posts\/84372\/revisions"}],"wp:attachment":[{"href":"https:\/\/linitiative.ca\/International\/wp-json\/wp\/v2\/media?parent=84372"}],"wp:term":[{"taxonomy":"category","embeddable":true,"href":"https:\/\/linitiative.ca\/International\/wp-json\/wp\/v2\/categories?post=84372"},{"taxonomy":"post_tag","embeddable":true,"href":"https:\/\/linitiative.ca\/International\/wp-json\/wp\/v2\/tags?post=84372"}],"curies":[{"name":"wp","href":"https:\/\/api.w.org\/{rel}","templated":true}]}}