{"id":84375,"date":"2020-05-05T06:53:31","date_gmt":"2020-05-05T10:53:31","guid":{"rendered":"https:\/\/linitiative.ca\/International\/elles-sont-disponibles-dans-les-pharmacies-regles-de-lavage-et-de-sechage-des-masques-multi-usages\/"},"modified":"2020-05-05T06:53:31","modified_gmt":"2020-05-05T10:53:31","slug":"elles-sont-disponibles-dans-les-pharmacies-regles-de-lavage-et-de-sechage-des-masques-multi-usages","status":"publish","type":"post","link":"https:\/\/linitiative.ca\/International\/elles-sont-disponibles-dans-les-pharmacies-regles-de-lavage-et-de-sechage-des-masques-multi-usages\/","title":{"rendered":"Elles sont disponibles dans les pharmacies : R\u00e8gles de lavage et de s\u00e9chage des masques multi-usages"},"content":{"rendered":"<p>Le pr\u00e9sident de l\u2019Ordre national des Pharmaciens, Chedly Fendri, a tenu \u00e0 pr\u00e9ciser que les masques en tissu \u00e0 usage multiple, qui seront commercialis\u00e9es dans les prochains jours, perdent leur efficacit\u00e9 au bout de dix lavages.<\/p>\n<p>Des r\u00e8gles de lavage et de s\u00e9chage doivent \u00eatre respect\u00e9es pour que la protection soit vraiment efficace, a-t-il ajout\u00e9.<\/p>\n<p>Il a, dans ce sens, invit\u00e9 les utilisateurs de ces masques lavables \u00e0 bien lire les indications mentionn\u00e9es sur l\u2019emballage et de s\u2019assurer de leur conformit\u00e9. Une \u00e9tiquette du Centre Technique du Textile (CETTEX) doit y figurer, a-t-il soulign\u00e9.<\/p>\n<p>Le pr\u00e9sident de l\u2019Ordre des Pharmaciens a indiqu\u00e9 que les bavettes seront disponibles dans l\u2019ensemble des officines tunisiennes.<\/p>\n<p>Il a, en outre, expliqu\u00e9 que lavage apr\u00e8s lavage, le tissu perd de son efficacit\u00e9 \u00e0 filtrer les particules et \u00e0 prot\u00e9ger le nez et la bouche contre le nouveau coronavirus.<\/p>\n<p>Chedly Fendri a pr\u00e9cis\u00e9 que les masques doivent \u00eatre lav\u00e9s avant une premi\u00e8re utilisation et \u00e0 chaque fois qu\u2019ils ont \u00e9t\u00e9 port\u00e9s. Un lavage en machine, dans un cycle de minimum 30 minutes et \u00e0 60 degr\u00e9s est recommand\u00e9.<\/p>\n<p>Il est pr\u00e9f\u00e9rable de repasser le masque multi-usages ou de laisser s\u00e9cher dans un espace clos et non \u00e0 l\u2019air libre, a-t-il ajout\u00e9.<\/p>\n<div class=\"wp-post-author-wrap wp-post-author-shortcode left\">\n<h3 class=\"awpa-title\"\/>\n<div class=\"wp-post-author\">\n<div class=\"awpa-img awpa-author-block square\"><a href=\"http:\/\/lexpertjournal.net\/fr\/?author=5\"><img loading=\"lazy\" decoding=\"async\" alt=\"\" src=\"http:\/\/0.gravatar.com\/avatar\/97f8e10a1c1125ba104a76514ee07b16?s=150&amp;d=mm&amp;r=g\" srcset=\"http:\/\/0.gravatar.com\/avatar\/97f8e10a1c1125ba104a76514ee07b16?s=300&amp;d=mm&amp;r=g 2x\" class=\"avatar avatar-150 photo\" height=\"150\" width=\"150\"\/><\/a><\/div>\n<\/div>\n<\/div>\n<aside class=\"mashsb-container mashsb-main mashsb-stretched\">\n<\/aside>\n<p>Auteur: L&rsquo;expert<br \/>\n<a href=\"http:\/\/lexpertjournal.net\/fr\/?p=14543\">Cliquez ici pour lire l&rsquo;article depuis sa source.<\/a><\/p>\n","protected":false},"excerpt":{"rendered":"<p>Le pr\u00e9sident de l\u2019Ordre national des Pharmaciens, Chedly Fendri, a tenu \u00e0 pr\u00e9ciser que les masques en tissu \u00e0 usage multiple, qui seront commercialis\u00e9es dans les prochains jours, perdent leur efficacit\u00e9 au bout de dix lavages. Des r\u00e8gles de lavage et de s\u00e9chage doivent \u00eatre respect\u00e9es pour que la protection soit vraiment efficace, a-t-il ajout\u00e9. [&hellip;]<\/p>\n","protected":false},"author":1775,"featured_media":0,"comment_status":"closed","ping_status":"closed","sticky":false,"template":"","format":"standard","meta":{"fifu_image_url":"","fifu_image_alt":"","footnotes":""},"categories":[78,55],"tags":[],"class_list":["post-84375","post","type-post","status-publish","format-standard","hentry","category-economie","category-tunisie"],"_links":{"self":[{"href":"https:\/\/linitiative.ca\/International\/wp-json\/wp\/v2\/posts\/84375","targetHints":{"allow":["GET"]}}],"collection":[{"href":"https:\/\/linitiative.ca\/International\/wp-json\/wp\/v2\/posts"}],"about":[{"href":"https:\/\/linitiative.ca\/International\/wp-json\/wp\/v2\/types\/post"}],"author":[{"embeddable":true,"href":"https:\/\/linitiative.ca\/International\/wp-json\/wp\/v2\/users\/1775"}],"replies":[{"embeddable":true,"href":"https:\/\/linitiative.ca\/International\/wp-json\/wp\/v2\/comments?post=84375"}],"version-history":[{"count":0,"href":"https:\/\/linitiative.ca\/International\/wp-json\/wp\/v2\/posts\/84375\/revisions"}],"wp:attachment":[{"href":"https:\/\/linitiative.ca\/International\/wp-json\/wp\/v2\/media?parent=84375"}],"wp:term":[{"taxonomy":"category","embeddable":true,"href":"https:\/\/linitiative.ca\/International\/wp-json\/wp\/v2\/categories?post=84375"},{"taxonomy":"post_tag","embeddable":true,"href":"https:\/\/linitiative.ca\/International\/wp-json\/wp\/v2\/tags?post=84375"}],"curies":[{"name":"wp","href":"https:\/\/api.w.org\/{rel}","templated":true}]}}