{"id":84379,"date":"2020-05-05T11:21:00","date_gmt":"2020-05-05T15:21:00","guid":{"rendered":"https:\/\/linitiative.ca\/International\/sntf-pres-dun-milliard-de-dinars-de-pertes-a-fin-avril\/"},"modified":"2020-05-05T11:21:00","modified_gmt":"2020-05-05T15:21:00","slug":"sntf-pres-dun-milliard-de-dinars-de-pertes-a-fin-avril","status":"publish","type":"post","link":"https:\/\/linitiative.ca\/International\/sntf-pres-dun-milliard-de-dinars-de-pertes-a-fin-avril\/","title":{"rendered":"SNTF : pr\u00e8s d&rsquo;un milliard de dinars de pertes \u00e0 fin avril"},"content":{"rendered":"<div id=\"originalText\" readability=\"135\">\n<p>Le Directeur g\u00e9n\u00e9ral de la Soci\u00e9t\u00e9 nationale des Transports ferroviaires (SNTF), Yacine Bendjaballah, a affirm\u00e9 \u00e0 l&rsquo;APS, que les pertes enregistr\u00e9es par la soci\u00e9t\u00e9 s&rsquo;\u00e9levait, depuis la suspension de ses activit\u00e9s en raison de la pand\u00e9mie du nouveau coronavirus (Covid-19) et jusqu&rsquo;\u00e0 la fin avril dernier, \u00e0 pr\u00e8s d&rsquo;un (1) Md Da, soit 50% de son chiffre d&rsquo;affaire par rapport \u00e0 la m\u00eame p\u00e9riode de l&rsquo;ann\u00e9e derni\u00e8re.<\/p>\n<p>\u00ab\u00a0Le calcul de l&rsquo;impact r\u00e9el de la pand\u00e9mie de Covid-19 sur le mouvement des voyageurs et les recettes de la SNTF sera \u00e9tabli \u00e0 la fin du mois de novembre prochain, lors de l&rsquo;\u00e9valuation annuelle de l&rsquo;activit\u00e9\u00a0\u00bb\u00a0ferroviaire, a fait savoir M. Bendjaballah.<\/p>\n<p>La SNTF proc\u00e8de actuellement \u00e0 l&rsquo;\u00e9valuation des pertes subies durant la p\u00e9riode de confinement jusqu&rsquo;au mois en cours pour la soumettre au Gouvernement pour sa prise en charge.<\/p>\n<p>Selon la m\u00eame source, \u00ab\u00a0cette \u00e9valuation a \u00e9t\u00e9 effectu\u00e9e \u00e0 la demande du Premier ministre, Abdelaziz Djerad, pour s&rsquo;enqu\u00e9rir de la situation des soci\u00e9t\u00e9s nationales durant la p\u00e9riode de pand\u00e9mie et examiner les possibilit\u00e9s de leur soutien\u00a0\u00bb.<\/p>\n<p>Le chiffre d&rsquo;affaire annuel de la SNTF est estim\u00e9 \u00e0 plus de 4 Mds Da provenant du transport de marchandises et de plus de 34,5 millions de voyageurs annuellement \u00e0 raison de 240 trains\/jour en moyenne, a pr\u00e9cis\u00e9 le m\u00eame responsable.<\/p>\n<p>La valeur des pertes continue d&rsquo;augmenter quotidiennement, si l&rsquo;on ajoute les pertes induites par les vols commis contre les structures et les \u00e9quipements de la soci\u00e9t\u00e9 durant la p\u00e9riode de confinement, a-t-il\u00a0soulign\u00e9.<\/p>\n<p>Il a rappel\u00e9, dans ce sens, les mesures prises au titre de la pr\u00e9vention contre le Covid-19, et \u00e0 leur t\u00eate l&rsquo;arr\u00eat des transports des voyageurs, tous modes confondus, ayant conduit \u00ab\u00a0\u00e0 la suspension du transport\u00a0ferroviaire des voyageurs \u00e0 100%, contre le maintien de l&rsquo;activit\u00e9 de transport de marchandises et de produits strat\u00e9giques, \u00e0 l&rsquo;instar des c\u00e9r\u00e9ales, du fer et autres, \u00e0 100% \u00e9galement\u00a0\u00bb.<\/p>\n<p>Outre le transport de marchandises, la SNTF maintient son service \u00ab\u00a0trains blancs\u00bb qui circulent sur les chemins de fer pour pr\u00e9server leur efficacit\u00e9 et r\u00e9aliser les missions de contr\u00f4le et de maintenance.<\/p>\n<p>La SNTF exploite actuellement la p\u00e9riode de confinement pour la maintenance des trains et l\u2019am\u00e9nagement des wagons et des gares pour \u00eatre pr\u00eates \u00e0 la reprise du service, directement apr\u00e8s le d\u00e9confinement, a ajout\u00e9 M. Bendjaballah.<\/p>\n<p>La SNTF emploie 13.000 travailleurs repartis sur les services de l\u2019administration et de la maintenance, outre ceux charg\u00e9s de la conduite et de la gestion des trains et de la s\u00e9curit\u00e9 et qui per\u00e7oivent leur salaire\u00a0durant toute la p\u00e9riode de leur absence dans le cadre du cong\u00e9 exceptionnel pay\u00e9.<\/p>\n<p>A l\u2019instar des autres soci\u00e9t\u00e9s et au vu de la situation sanitaire actuelle, la SNTF a d\u00fb accorder un cong\u00e9 exceptionnel \u00e0 50% de ses employ\u00e9s notamment ceux de l\u2019administration, avec maintien des travailleurs dans les postes vitaux.<\/p>\n<p>Le m\u00eame responsable a indiqu\u00e9 que les structures de la soci\u00e9t\u00e9 avaient subi plusieurs vols notamment de cables \u00e9lectriques, groupes \u00e9lectrog\u00e8nes,\u00a0 batteries, extincteurs, t\u00e9l\u00e9phones potables de travailleurs et autres \u00e9quipements \u00e0 Alger, Constantine, Annaba et Oran.<\/p>\n<p>Selon M. Bendjaballah, la soci\u00e9t\u00e9 a pr\u00e9vu, dans le cadre de son programme annuel, l\u2019acquisition de plusieurs trains, mais la crise sanitaire qui a frapp\u00e9 la majorit\u00e9 des pays du monde, a directement impact\u00e9 les programmes \u00e9labor\u00e9s, d\u2019o\u00f9 la n\u00e9cessit\u00e9 de leur r\u00e9vision.<\/p>\n<p>\u00ab\u00a0A la fin de la pand\u00e9mie, il sera proc\u00e9d\u00e9 \u00e0 l&rsquo;\u00e9valuation de la situation ainsi qu&rsquo;\u00e0 la prise de mesures&#8230;Nous devons nous adapter \u00e0 la situation.<\/p>\n<p>Les pertes sont consid\u00e9rables mais celle du voyageur est plus importante, car incapable de se d\u00e9placer en cette conjoncture difficile\u00a0\u00bb, a-t-il estim\u00e9.<\/p>\n<p class=\"c6\">APS<\/p>\n<\/div>\n<div id=\"text_core\" readability=\"135\">\n<p>Le Directeur g\u00e9n\u00e9ral de la Soci\u00e9t\u00e9 nationale des Transports ferroviaires (SNTF), Yacine Bendjaballah, a affirm\u00e9 \u00e0 l&rsquo;APS, que les pertes enregistr\u00e9es par la soci\u00e9t\u00e9 s&rsquo;\u00e9levait, depuis la suspension de ses activit\u00e9s en raison de la pand\u00e9mie du nouveau coronavirus (Covid-19) et jusqu&rsquo;\u00e0 la fin avril dernier, \u00e0 pr\u00e8s d&rsquo;un (1) Md Da, soit 50% de son chiffre d&rsquo;affaire par rapport \u00e0 la m\u00eame p\u00e9riode de l&rsquo;ann\u00e9e derni\u00e8re.<\/p>\n<p>\u00ab\u00a0Le calcul de l&rsquo;impact r\u00e9el de la pand\u00e9mie de Covid-19 sur le mouvement des voyageurs et les recettes de la SNTF sera \u00e9tabli \u00e0 la fin du mois de novembre prochain, lors de l&rsquo;\u00e9valuation annuelle de l&rsquo;activit\u00e9\u00a0\u00bb\u00a0ferroviaire, a fait savoir M. Bendjaballah.<\/p>\n<p>La SNTF proc\u00e8de actuellement \u00e0 l&rsquo;\u00e9valuation des pertes subies durant la p\u00e9riode de confinement jusqu&rsquo;au mois en cours pour la soumettre au Gouvernement pour sa prise en charge.<\/p>\n<p>Selon la m\u00eame source, \u00ab\u00a0cette \u00e9valuation a \u00e9t\u00e9 effectu\u00e9e \u00e0 la demande du Premier ministre, Abdelaziz Djerad, pour s&rsquo;enqu\u00e9rir de la situation des soci\u00e9t\u00e9s nationales durant la p\u00e9riode de pand\u00e9mie et examiner les possibilit\u00e9s de leur soutien\u00a0\u00bb.<\/p>\n<p>Le chiffre d&rsquo;affaire annuel de la SNTF est estim\u00e9 \u00e0 plus de 4 Mds Da provenant du transport de marchandises et de plus de 34,5 millions de voyageurs annuellement \u00e0 raison de 240 trains\/jour en moyenne, a pr\u00e9cis\u00e9 le m\u00eame responsable.<\/p>\n<p>La valeur des pertes continue d&rsquo;augmenter quotidiennement, si l&rsquo;on ajoute les pertes induites par les vols commis contre les structures et les \u00e9quipements de la soci\u00e9t\u00e9 durant la p\u00e9riode de confinement, a-t-il\u00a0soulign\u00e9.<\/p>\n<p>Il a rappel\u00e9, dans ce sens, les mesures prises au titre de la pr\u00e9vention contre le Covid-19, et \u00e0 leur t\u00eate l&rsquo;arr\u00eat des transports des voyageurs, tous modes confondus, ayant conduit \u00ab\u00a0\u00e0 la suspension du transport\u00a0ferroviaire des voyageurs \u00e0 100%, contre le maintien de l&rsquo;activit\u00e9 de transport de marchandises et de produits strat\u00e9giques, \u00e0 l&rsquo;instar des c\u00e9r\u00e9ales, du fer et autres, \u00e0 100% \u00e9galement\u00a0\u00bb.<\/p>\n<p>Outre le transport de marchandises, la SNTF maintient son service \u00ab\u00a0trains blancs\u00bb qui circulent sur les chemins de fer pour pr\u00e9server leur efficacit\u00e9 et r\u00e9aliser les missions de contr\u00f4le et de maintenance.<\/p>\n<p>La SNTF exploite actuellement la p\u00e9riode de confinement pour la maintenance des trains et l\u2019am\u00e9nagement des wagons et des gares pour \u00eatre pr\u00eates \u00e0 la reprise du service, directement apr\u00e8s le d\u00e9confinement, a ajout\u00e9 M. Bendjaballah.<\/p>\n<p>La SNTF emploie 13.000 travailleurs repartis sur les services de l\u2019administration et de la maintenance, outre ceux charg\u00e9s de la conduite et de la gestion des trains et de la s\u00e9curit\u00e9 et qui per\u00e7oivent leur salaire\u00a0durant toute la p\u00e9riode de leur absence dans le cadre du cong\u00e9 exceptionnel pay\u00e9.<\/p>\n<p>A l\u2019instar des autres soci\u00e9t\u00e9s et au vu de la situation sanitaire actuelle, la SNTF a d\u00fb accorder un cong\u00e9 exceptionnel \u00e0 50% de ses employ\u00e9s notamment ceux de l\u2019administration, avec maintien des travailleurs dans les postes vitaux.<\/p>\n<p>Le m\u00eame responsable a indiqu\u00e9 que les structures de la soci\u00e9t\u00e9 avaient subi plusieurs vols notamment de cables \u00e9lectriques, groupes \u00e9lectrog\u00e8nes,\u00a0 batteries, extincteurs, t\u00e9l\u00e9phones potables de travailleurs et autres \u00e9quipements \u00e0 Alger, Constantine, Annaba et Oran.<\/p>\n<p>Selon M. Bendjaballah, la soci\u00e9t\u00e9 a pr\u00e9vu, dans le cadre de son programme annuel, l\u2019acquisition de plusieurs trains, mais la crise sanitaire qui a frapp\u00e9 la majorit\u00e9 des pays du monde, a directement impact\u00e9 les programmes \u00e9labor\u00e9s, d\u2019o\u00f9 la n\u00e9cessit\u00e9 de leur r\u00e9vision.<\/p>\n<p>\u00ab\u00a0A la fin de la pand\u00e9mie, il sera proc\u00e9d\u00e9 \u00e0 l&rsquo;\u00e9valuation de la situation ainsi qu&rsquo;\u00e0 la prise de mesures&#8230;Nous devons nous adapter \u00e0 la situation.<\/p>\n<p>Les pertes sont consid\u00e9rables mais celle du voyageur est plus importante, car incapable de se d\u00e9placer en cette conjoncture difficile\u00a0\u00bb, a-t-il estim\u00e9.<\/p>\n<p class=\"c6\">APS<\/p>\n<\/div>\n<p>Auteur:<br \/>\n<a href=\"https:\/\/www.liberte-algerie.com\/actualite\/sntf-pres-dun-milliard-de-dinars-de-pertes-a-fin-avril-338293\">Cliquez ici pour lire l&rsquo;article depuis sa source.<\/a><\/p>\n","protected":false},"excerpt":{"rendered":"<p>Le Directeur g\u00e9n\u00e9ral de la Soci\u00e9t\u00e9 nationale des Transports ferroviaires (SNTF), Yacine Bendjaballah, a affirm\u00e9 \u00e0 l&rsquo;APS, que les pertes enregistr\u00e9es par la soci\u00e9t\u00e9 s&rsquo;\u00e9levait, depuis la suspension de ses activit\u00e9s en raison de la pand\u00e9mie du nouveau coronavirus (Covid-19) et jusqu&rsquo;\u00e0 la fin avril dernier, \u00e0 pr\u00e8s d&rsquo;un (1) Md Da, soit 50% de [&hellip;]<\/p>\n","protected":false},"author":1742,"featured_media":0,"comment_status":"closed","ping_status":"closed","sticky":false,"template":"","format":"standard","meta":{"fifu_image_url":"","fifu_image_alt":"","footnotes":""},"categories":[73,53],"tags":[],"class_list":["post-84379","post","type-post","status-publish","format-standard","hentry","category-actualite","category-algerie"],"_links":{"self":[{"href":"https:\/\/linitiative.ca\/International\/wp-json\/wp\/v2\/posts\/84379","targetHints":{"allow":["GET"]}}],"collection":[{"href":"https:\/\/linitiative.ca\/International\/wp-json\/wp\/v2\/posts"}],"about":[{"href":"https:\/\/linitiative.ca\/International\/wp-json\/wp\/v2\/types\/post"}],"author":[{"embeddable":true,"href":"https:\/\/linitiative.ca\/International\/wp-json\/wp\/v2\/users\/1742"}],"replies":[{"embeddable":true,"href":"https:\/\/linitiative.ca\/International\/wp-json\/wp\/v2\/comments?post=84379"}],"version-history":[{"count":0,"href":"https:\/\/linitiative.ca\/International\/wp-json\/wp\/v2\/posts\/84379\/revisions"}],"wp:attachment":[{"href":"https:\/\/linitiative.ca\/International\/wp-json\/wp\/v2\/media?parent=84379"}],"wp:term":[{"taxonomy":"category","embeddable":true,"href":"https:\/\/linitiative.ca\/International\/wp-json\/wp\/v2\/categories?post=84379"},{"taxonomy":"post_tag","embeddable":true,"href":"https:\/\/linitiative.ca\/International\/wp-json\/wp\/v2\/tags?post=84379"}],"curies":[{"name":"wp","href":"https:\/\/api.w.org\/{rel}","templated":true}]}}