{"id":84381,"date":"2020-05-04T22:04:01","date_gmt":"2020-05-05T02:04:01","guid":{"rendered":"https:\/\/linitiative.ca\/International\/marrakech-safi-546-remissions-depuis-le-declenchement-du-covid-19-drs\/"},"modified":"2020-05-04T22:04:01","modified_gmt":"2020-05-05T02:04:01","slug":"marrakech-safi-546-remissions-depuis-le-declenchement-du-covid-19-drs","status":"publish","type":"post","link":"https:\/\/linitiative.ca\/International\/marrakech-safi-546-remissions-depuis-le-declenchement-du-covid-19-drs\/","title":{"rendered":"Marrakech-Safi: 546 r\u00e9missions depuis le d\u00e9clenchement du Covid-19 (DRS)"},"content":{"rendered":"<div readability=\"35\">\n<p>Marrakech \u2013 Le nombre des r\u00e9missions du Covid-19 enregistr\u00e9es dans la r\u00e9gion de Marrakech-Safi, depuis le d\u00e9clenchement de la pand\u00e9mie jusqu\u2019\u00e0 lundi \u00e0 16H00, a atteint 546 gu\u00e9risons.<\/p>\n<\/div>\n<div readability=\"71\">\n<p>Un nouveau bilan \u00e9tabli par la Direction r\u00e9gionale de la Sant\u00e9 (DRS) fait ressortir que 346 personnes ont \u00e9t\u00e9 d\u00e9clar\u00e9es d\u00e9finitivement r\u00e9tablies au niveau de la pr\u00e9fecture de Marrakech, 150 dans la province de Rehamna, 27 dans celle d\u2019Al Haouz, 17 \u00e0 Chichaoua, 4 \u00e0 El Kel\u00e2a des Sraghna, alors que les provinces de Safi et d\u2019Essaouira comptent une gu\u00e9rison chacune.<\/p>\n<p>Selon la m\u00eame source, le nombre des cas confirm\u00e9s d\u2019infection au coronavirus \u00e0 l\u2019\u00e9chelle de la r\u00e9gion s\u2019\u00e9l\u00e8ve \u00e0 1076, dont 482 cas qui sont encore sous traitement.<\/p>\n<p>Ces cas sous traitement dans les h\u00f4pitaux de la r\u00e9gion sont r\u00e9partis entre la pr\u00e9fecture de Marrakech (378) et les provinces de Rehmana (76), d\u2019Al Haouz (17), de Chichaoua (6) et d\u2019El Kel\u00e2a des Sraghna (5).<\/p>\n<p>Par ailleurs, le nombre de d\u00e9c\u00e8s s\u2019est \u00e9tabli \u00e0 48 au niveau de la r\u00e9gion, dont 40 signal\u00e9s dans la pr\u00e9fecture de Marrakech, 3 dans la province d\u2019Al Haouz, 2 \u00e0 Rehamna et les trois restants dans les provinces d\u2019El Kel\u00e2a des Sraghna, d\u2019Essaouira et de Chichaoua (un d\u00e9c\u00e8s chacune).<\/p>\n<p>Au niveau national, 150 nouveaux cas d\u2019infection au Covid-19 ont \u00e9t\u00e9 confirm\u00e9s pendant les derni\u00e8res 24 heures, portant \u00e0 5.053 le nombre total des cas de contamination.<\/p>\n<p>S\u2019agissant des cas gu\u00e9ris, le nombre de personnes d\u00e9clar\u00e9es r\u00e9tablies s\u2019est \u00e9lev\u00e9, jusqu\u2019\u00e0 lundi \u00e0 16H00, \u00e0 1.653 avec 215 nouvelles r\u00e9missions.<\/p>\n<\/div>\n<p>Auteur: Meriem IGASS<br \/>\n<a href=\"http:\/\/www.mapmarrakech.ma\/fr\/marrakech-safi-546-remissions-depuis-le-declenchement-du-covid-19-drs\/\">Cliquez ici pour lire l&rsquo;article depuis sa source.<\/a><\/p>\n","protected":false},"excerpt":{"rendered":"<p>Marrakech \u2013 Le nombre des r\u00e9missions du Covid-19 enregistr\u00e9es dans la r\u00e9gion de Marrakech-Safi, depuis le d\u00e9clenchement de la pand\u00e9mie jusqu\u2019\u00e0 lundi \u00e0 16H00, a atteint 546 gu\u00e9risons. Un nouveau bilan \u00e9tabli par la Direction r\u00e9gionale de la Sant\u00e9 (DRS) fait ressortir que 346 personnes ont \u00e9t\u00e9 d\u00e9clar\u00e9es d\u00e9finitivement r\u00e9tablies au niveau de la pr\u00e9fecture [&hellip;]<\/p>\n","protected":false},"author":1788,"featured_media":0,"comment_status":"closed","ping_status":"closed","sticky":false,"template":"","format":"standard","meta":{"fifu_image_url":"","fifu_image_alt":"","footnotes":""},"categories":[54,76],"tags":[],"class_list":["post-84381","post","type-post","status-publish","format-standard","hentry","category-maroc","category-regions"],"_links":{"self":[{"href":"https:\/\/linitiative.ca\/International\/wp-json\/wp\/v2\/posts\/84381","targetHints":{"allow":["GET"]}}],"collection":[{"href":"https:\/\/linitiative.ca\/International\/wp-json\/wp\/v2\/posts"}],"about":[{"href":"https:\/\/linitiative.ca\/International\/wp-json\/wp\/v2\/types\/post"}],"author":[{"embeddable":true,"href":"https:\/\/linitiative.ca\/International\/wp-json\/wp\/v2\/users\/1788"}],"replies":[{"embeddable":true,"href":"https:\/\/linitiative.ca\/International\/wp-json\/wp\/v2\/comments?post=84381"}],"version-history":[{"count":0,"href":"https:\/\/linitiative.ca\/International\/wp-json\/wp\/v2\/posts\/84381\/revisions"}],"wp:attachment":[{"href":"https:\/\/linitiative.ca\/International\/wp-json\/wp\/v2\/media?parent=84381"}],"wp:term":[{"taxonomy":"category","embeddable":true,"href":"https:\/\/linitiative.ca\/International\/wp-json\/wp\/v2\/categories?post=84381"},{"taxonomy":"post_tag","embeddable":true,"href":"https:\/\/linitiative.ca\/International\/wp-json\/wp\/v2\/tags?post=84381"}],"curies":[{"name":"wp","href":"https:\/\/api.w.org\/{rel}","templated":true}]}}