{"id":84382,"date":"2020-05-05T07:48:35","date_gmt":"2020-05-05T11:48:35","guid":{"rendered":"https:\/\/linitiative.ca\/International\/sm-le-roi-amir-al-mouminine-se-recueille-sur-la-tombe-de-feu-sm-le-roi-mohammed-v\/"},"modified":"2020-05-05T07:48:35","modified_gmt":"2020-05-05T11:48:35","slug":"sm-le-roi-amir-al-mouminine-se-recueille-sur-la-tombe-de-feu-sm-le-roi-mohammed-v","status":"publish","type":"post","link":"https:\/\/linitiative.ca\/International\/sm-le-roi-amir-al-mouminine-se-recueille-sur-la-tombe-de-feu-sm-le-roi-mohammed-v\/","title":{"rendered":"SM le Roi, Amir Al Mouminine, se recueille sur la tombe de Feu SM le Roi Mohammed V"},"content":{"rendered":"<div class=\"single-featured\"><img alt=\"\" data-src=\"http:\/\/www.mapmarrakech.ma\/map\/uploads\/2020\/05\/SM-le-Roi.jpg\"\/><\/div>\n<div class=\"single-post-excerpt post-excerpt-bc\" readability=\"44\">\n<p>Sa Majest\u00e9 le Roi Mohammed VI, Amir Al-Mouminine, que Dieu L\u2019assiste, accompagn\u00e9 de SAR le Prince H\u00e9ritier Moulay El Hassan et de SAR le Prince Moulay Rachid, S\u2019est recueilli, lundi, sur la tombe de Feu SM le Roi Mohammed V, \u00e0 l\u2019occasion du 10\u00e8 jour du mois sacr\u00e9 du Ramadan, qui co\u00efncide avec l\u2019anniversaire de la disparition du P\u00e8re de la Nation, que Dieu ait son \u00e2me en Sa sainte mis\u00e9ricorde.<\/p>\n<\/div>\n<p>Auteur: Meriem IGASS<br \/>\n<a href=\"http:\/\/www.mapmarrakech.ma\/fr\/sm-le-roi-amir-al-mouminine-se-recueille-sur-la-tombe-de-feu-sm-le-roi-mohammed-v\/\">Cliquez ici pour lire l&rsquo;article depuis sa source.<\/a><\/p>\n","protected":false},"excerpt":{"rendered":"<p>Sa Majest\u00e9 le Roi Mohammed VI, Amir Al-Mouminine, que Dieu L\u2019assiste, accompagn\u00e9 de SAR le Prince H\u00e9ritier Moulay El Hassan et de SAR le Prince Moulay Rachid, S\u2019est recueilli, lundi, sur la tombe de Feu SM le Roi Mohammed V, \u00e0 l\u2019occasion du 10\u00e8 jour du mois sacr\u00e9 du Ramadan, qui co\u00efncide avec l\u2019anniversaire de [&hellip;]<\/p>\n","protected":false},"author":1788,"featured_media":84383,"comment_status":"closed","ping_status":"closed","sticky":false,"template":"","format":"standard","meta":{"fifu_image_url":"","fifu_image_alt":"","footnotes":""},"categories":[54,76],"tags":[],"class_list":["post-84382","post","type-post","status-publish","format-standard","has-post-thumbnail","hentry","category-maroc","category-regions"],"_links":{"self":[{"href":"https:\/\/linitiative.ca\/International\/wp-json\/wp\/v2\/posts\/84382","targetHints":{"allow":["GET"]}}],"collection":[{"href":"https:\/\/linitiative.ca\/International\/wp-json\/wp\/v2\/posts"}],"about":[{"href":"https:\/\/linitiative.ca\/International\/wp-json\/wp\/v2\/types\/post"}],"author":[{"embeddable":true,"href":"https:\/\/linitiative.ca\/International\/wp-json\/wp\/v2\/users\/1788"}],"replies":[{"embeddable":true,"href":"https:\/\/linitiative.ca\/International\/wp-json\/wp\/v2\/comments?post=84382"}],"version-history":[{"count":0,"href":"https:\/\/linitiative.ca\/International\/wp-json\/wp\/v2\/posts\/84382\/revisions"}],"wp:featuredmedia":[{"embeddable":true,"href":"https:\/\/linitiative.ca\/International\/wp-json\/"}],"wp:attachment":[{"href":"https:\/\/linitiative.ca\/International\/wp-json\/wp\/v2\/media?parent=84382"}],"wp:term":[{"taxonomy":"category","embeddable":true,"href":"https:\/\/linitiative.ca\/International\/wp-json\/wp\/v2\/categories?post=84382"},{"taxonomy":"post_tag","embeddable":true,"href":"https:\/\/linitiative.ca\/International\/wp-json\/wp\/v2\/tags?post=84382"}],"curies":[{"name":"wp","href":"https:\/\/api.w.org\/{rel}","templated":true}]}}