{"id":84387,"date":"2020-05-05T14:07:01","date_gmt":"2020-05-05T18:07:01","guid":{"rendered":"https:\/\/linitiative.ca\/International\/le-chu-opte-pour-la-digitalisation-de-son-bureau-dordre\/"},"modified":"2020-05-05T14:07:01","modified_gmt":"2020-05-05T18:07:01","slug":"le-chu-opte-pour-la-digitalisation-de-son-bureau-dordre","status":"publish","type":"post","link":"https:\/\/linitiative.ca\/International\/le-chu-opte-pour-la-digitalisation-de-son-bureau-dordre\/","title":{"rendered":"Le CHU opte pour la digitalisation de son \u00ab\u00a0Bureau d\u2019ordre\u00a0\u00bb"},"content":{"rendered":"<div class=\"single-featured\"><img alt=\"\" data-src=\"http:\/\/www.mapmarrakech.ma\/map\/uploads\/2020\/05\/chu_marrakech.jpg\"\/><\/div>\n<div class=\"single-post-excerpt post-excerpt-bc\" readability=\"35\">\n<p>Marrakech \u2013 Le Centre Hospitalier Universitaire (CHU) Mohammed VI de Marrakech vient d\u2019int\u00e9grer la plateforme de digitalisation du bureau d\u2019ordre \u00ab\u00a0Bureau d\u2019ordre digital\u00a0\u00bb lanc\u00e9e par l\u2019Agence de D\u00e9veloppement du Digital (ADD) dans le cadre des mesures pr\u00e9ventives visant \u00e0 enrayer la propagation du nouveau coronavirus.<\/p>\n<\/div>\n<div class=\"entry-content clearfix single-post-content\" readability=\"49\">\n<p>Cette plateforme de digitalisation du bureau d\u2019ordre permettra au CHU de cr\u00e9er des bureaux d\u2019ordre digitaux en vue de g\u00e9rer \u00e9lectroniquement les flux des courriers entrants et sortants, indique un communiqu\u00e9 de cet \u00e9tablissement hospitalier.<\/p>\n<p>De ce fait, les citoyens, les entreprises, les administrations et organismes publics pourront, d\u00e9sormais, d\u00e9poser leurs courriers, en contrepartie d\u2019un accus\u00e9 de r\u00e9ception, \u00e0 travers ce m\u00e9canisme innovant.<\/p>\n<p>La m\u00eame source a tenu \u00e0 pr\u00e9ciser que le portail du bureau d\u2019ordre digital est accessible \u00e0 partir du lien internet : \u00ab\u00a0https:\/\/courrier.gov.ma\/virtualbo\/\u00a0\u00bb.<\/p>\n<\/div>\n<p>Auteur: Meriem IGASS<br \/>\n<a href=\"http:\/\/www.mapmarrakech.ma\/fr\/le-chu-mohammed-vi-opte-pour-la-digitalisation-de-son-bureau-dordre\/\">Cliquez ici pour lire l&rsquo;article depuis sa source.<\/a><\/p>\n","protected":false},"excerpt":{"rendered":"<p>Marrakech \u2013 Le Centre Hospitalier Universitaire (CHU) Mohammed VI de Marrakech vient d\u2019int\u00e9grer la plateforme de digitalisation du bureau d\u2019ordre \u00ab\u00a0Bureau d\u2019ordre digital\u00a0\u00bb lanc\u00e9e par l\u2019Agence de D\u00e9veloppement du Digital (ADD) dans le cadre des mesures pr\u00e9ventives visant \u00e0 enrayer la propagation du nouveau coronavirus. Cette plateforme de digitalisation du bureau d\u2019ordre permettra au CHU [&hellip;]<\/p>\n","protected":false},"author":1788,"featured_media":84388,"comment_status":"closed","ping_status":"closed","sticky":false,"template":"","format":"standard","meta":{"fifu_image_url":"","fifu_image_alt":"","footnotes":""},"categories":[54,76],"tags":[],"class_list":["post-84387","post","type-post","status-publish","format-standard","has-post-thumbnail","hentry","category-maroc","category-regions"],"_links":{"self":[{"href":"https:\/\/linitiative.ca\/International\/wp-json\/wp\/v2\/posts\/84387","targetHints":{"allow":["GET"]}}],"collection":[{"href":"https:\/\/linitiative.ca\/International\/wp-json\/wp\/v2\/posts"}],"about":[{"href":"https:\/\/linitiative.ca\/International\/wp-json\/wp\/v2\/types\/post"}],"author":[{"embeddable":true,"href":"https:\/\/linitiative.ca\/International\/wp-json\/wp\/v2\/users\/1788"}],"replies":[{"embeddable":true,"href":"https:\/\/linitiative.ca\/International\/wp-json\/wp\/v2\/comments?post=84387"}],"version-history":[{"count":0,"href":"https:\/\/linitiative.ca\/International\/wp-json\/wp\/v2\/posts\/84387\/revisions"}],"wp:featuredmedia":[{"embeddable":true,"href":"https:\/\/linitiative.ca\/International\/wp-json\/"}],"wp:attachment":[{"href":"https:\/\/linitiative.ca\/International\/wp-json\/wp\/v2\/media?parent=84387"}],"wp:term":[{"taxonomy":"category","embeddable":true,"href":"https:\/\/linitiative.ca\/International\/wp-json\/wp\/v2\/categories?post=84387"},{"taxonomy":"post_tag","embeddable":true,"href":"https:\/\/linitiative.ca\/International\/wp-json\/wp\/v2\/tags?post=84387"}],"curies":[{"name":"wp","href":"https:\/\/api.w.org\/{rel}","templated":true}]}}