{"id":84393,"date":"2020-05-05T13:38:11","date_gmt":"2020-05-05T17:38:11","guid":{"rendered":"https:\/\/linitiative.ca\/International\/les-premiers-resultats-des-proces-en-visioconference\/"},"modified":"2020-05-05T13:38:11","modified_gmt":"2020-05-05T17:38:11","slug":"les-premiers-resultats-des-proces-en-visioconference","status":"publish","type":"post","link":"https:\/\/linitiative.ca\/International\/les-premiers-resultats-des-proces-en-visioconference\/","title":{"rendered":"Les premiers r\u00e9sultats des proc\u00e8s en visioconf\u00e9rence"},"content":{"rendered":"<div class=\"body\">\n<div class=\"field field-name-body field-type-text-with-summary field-label-hidden\">\n<div class=\"field-items\" readability=\"8.3400537634409\">\n<div class=\"field-item even\" property=\"content:encoded\" readability=\"11.774193548387\">\n<p class=\"rtejustify\">240 audiences en visioconf\u00e9rence depuis son lancement le 27 avril jusqu\u2019au 5 mai 2020, annonce le Conseil sup\u00e9rieur du pouvoir judiciaire <a href=\"http:\/\/leconomiste.com\/article\/1061483-covid-19-la-politique-penale-sous-pression\" target=\"_blank\" rel=\"noopener noreferrer\"><span><strong><em>(Lire article)<\/em><\/strong><\/span><\/a>. L\u2019op\u00e9ration pilote a \u00e9t\u00e9 men\u00e9e \u00e0 partir de Sal\u00e9 pour parer aux contraintes g\u00e9n\u00e9r\u00e9es par la pand\u00e9mie du coronavirus: arr\u00eat des proc\u00e8s, d\u00e9placement des accus\u00e9s&#8230; L\u2019on recense ainsi 3.613 affaires trait\u00e9es via visioconf\u00e9rence avec une moyenne de 60 audiences par jour. Le nombre des d\u00e9tenus qui ont comparu devant la justice a atteint 4.005. Tribunaux de premi\u00e8re instance et cours d\u2019appel ont prononc\u00e9 1.222 sentences. Ce qui repr\u00e9sente en moyenne 306 affaires par jour. Le Conseil sup\u00e9rieur du pouvoir judiciaire se f\u00e9licite de ses premiers r\u00e9sultats.<br \/><em>\u00a0F.F.<\/em><\/p>\n<\/div>\n<\/div>\n<\/div>\n<\/div>\n<div class=\"eco-conseil\">\n<div class=\"view view-eco-conseil-16 view-id-eco_conseil_16 view-display-id-cookies view-dom-id-5ee0704996eab859b1aad2e13e54e684\">\n<div class=\"view-content\">\n<div id=\"views-bootstrap-grid-1\" class=\"views-bootstrap-grid-plugin-style\">\n<div class=\"row\">\n<div class=\" col-xs-12 col-lg-4\">\n<div class=\"row\">\n<div class=\"col col-xs-12 col-lg-12\">\n<div class=\"field-content\"><a href=\"\/article\/1061499-booster-sa-motivation-pour-une-bonne-reprise\"><img loading=\"lazy\" decoding=\"async\" class=\"img-responsive\" typeof=\"foaf:Image\" src=\"https:\/\/www.leconomiste.com\/sites\/default\/files\/eco7\/public\/styles\/800x400\/public\/default_images\/default_une.jpg?itok=4jZlgnIZ\" width=\"660\" height=\"330\" alt=\"\"\/><\/a><\/div>\n<\/div>\n<div class=\" title_suite_2 col col-xs-12 col-lg-12\"> <a href=\"\/article\/1061499-booster-sa-motivation-pour-une-bonne-reprise\"\/><span class=\"field-content\">Article 1061499<\/span><\/div>\n<\/div>\n<\/div>\n<div class=\" col-xs-12 col-lg-4\">\n<div class=\"row\">\n<div class=\"col col-xs-12 col-lg-12\">\n<div class=\"field-content\"><a href=\"\/article\/1061498-valoris-securities-lance-sa-solution-de-bourse-en-ligne\"><img loading=\"lazy\" decoding=\"async\" class=\"img-responsive\" typeof=\"foaf:Image\" src=\"https:\/\/www.leconomiste.com\/sites\/default\/files\/eco7\/public\/styles\/800x400\/public\/default_images\/default_une.jpg?itok=4jZlgnIZ\" width=\"660\" height=\"330\" alt=\"\"\/><\/a><\/div>\n<\/div>\n<div class=\" title_suite_2 col col-xs-12 col-lg-12\"> <a href=\"\/article\/1061498-valoris-securities-lance-sa-solution-de-bourse-en-ligne\"\/><span class=\"field-content\">Valoris Securities lance sa solution de Bourse en ligne<\/span><\/div>\n<\/div>\n<\/div>\n<div class=\" col-xs-12 col-lg-4\">\n<div class=\"row\">\n<div class=\"col col-xs-12 col-lg-12\">\n<div class=\"field-content\"><a href=\"\/article\/1061497-un-geoportail-pour-la-veille-territoriale\"><img loading=\"lazy\" decoding=\"async\" class=\"img-responsive\" typeof=\"foaf:Image\" src=\"https:\/\/www.leconomiste.com\/sites\/default\/files\/eco7\/public\/styles\/800x400\/public\/default_images\/default_une.jpg?itok=4jZlgnIZ\" width=\"660\" height=\"330\" alt=\"\"\/><\/a><\/div>\n<\/div>\n<div class=\" title_suite_2 col col-xs-12 col-lg-12\"> <a href=\"\/article\/1061497-un-geoportail-pour-la-veille-territoriale\"\/><span class=\"field-content\">Un g\u00e9oportail pour la veille territoriale<\/span><\/div>\n<\/div>\n<\/div>\n<\/div>\n<\/div>\n<\/div>\n<\/div>\n<\/div>\n<p>Auteur: hlafriqi<br \/>\n<a href=\"https:\/\/www.leconomiste.com\/article\/1061495-les-premiers-resultats-des-proces-en-visioconference\">Cliquez ici pour lire l&rsquo;article depuis sa source.<\/a><\/p>\n","protected":false},"excerpt":{"rendered":"<p>240 audiences en visioconf\u00e9rence depuis son lancement le 27 avril jusqu\u2019au 5 mai 2020, annonce le Conseil sup\u00e9rieur du pouvoir judiciaire (Lire article). L\u2019op\u00e9ration pilote a \u00e9t\u00e9 men\u00e9e \u00e0 partir de Sal\u00e9 pour parer aux contraintes g\u00e9n\u00e9r\u00e9es par la pand\u00e9mie du coronavirus: arr\u00eat des proc\u00e8s, d\u00e9placement des accus\u00e9s&#8230; L\u2019on recense ainsi 3.613 affaires trait\u00e9es via [&hellip;]<\/p>\n","protected":false},"author":1763,"featured_media":0,"comment_status":"closed","ping_status":"closed","sticky":false,"template":"","format":"standard","meta":{"fifu_image_url":"","fifu_image_alt":"","footnotes":""},"categories":[78,54],"tags":[],"class_list":["post-84393","post","type-post","status-publish","format-standard","hentry","category-economie","category-maroc"],"_links":{"self":[{"href":"https:\/\/linitiative.ca\/International\/wp-json\/wp\/v2\/posts\/84393","targetHints":{"allow":["GET"]}}],"collection":[{"href":"https:\/\/linitiative.ca\/International\/wp-json\/wp\/v2\/posts"}],"about":[{"href":"https:\/\/linitiative.ca\/International\/wp-json\/wp\/v2\/types\/post"}],"author":[{"embeddable":true,"href":"https:\/\/linitiative.ca\/International\/wp-json\/wp\/v2\/users\/1763"}],"replies":[{"embeddable":true,"href":"https:\/\/linitiative.ca\/International\/wp-json\/wp\/v2\/comments?post=84393"}],"version-history":[{"count":0,"href":"https:\/\/linitiative.ca\/International\/wp-json\/wp\/v2\/posts\/84393\/revisions"}],"wp:attachment":[{"href":"https:\/\/linitiative.ca\/International\/wp-json\/wp\/v2\/media?parent=84393"}],"wp:term":[{"taxonomy":"category","embeddable":true,"href":"https:\/\/linitiative.ca\/International\/wp-json\/wp\/v2\/categories?post=84393"},{"taxonomy":"post_tag","embeddable":true,"href":"https:\/\/linitiative.ca\/International\/wp-json\/wp\/v2\/tags?post=84393"}],"curies":[{"name":"wp","href":"https:\/\/api.w.org\/{rel}","templated":true}]}}