{"id":84394,"date":"2020-05-05T13:39:04","date_gmt":"2020-05-05T17:39:04","guid":{"rendered":"https:\/\/linitiative.ca\/International\/porsche-prolonge-la-garantie-de-ses-vehicules\/"},"modified":"2020-05-05T13:39:04","modified_gmt":"2020-05-05T17:39:04","slug":"porsche-prolonge-la-garantie-de-ses-vehicules","status":"publish","type":"post","link":"https:\/\/linitiative.ca\/International\/porsche-prolonge-la-garantie-de-ses-vehicules\/","title":{"rendered":"Porsche prolonge la garantie de ses v\u00e9hicules"},"content":{"rendered":"<div class=\"body\">\n<div class=\"field field-name-body field-type-text-with-summary field-label-hidden\">\n<div class=\"field-items\" readability=\"9\">\n<div class=\"field-item even\" property=\"content:encoded\" readability=\"13\">\n<p class=\"rtejustify\">Porsche prolonge de trois mois la garantie constructeur sur tous ses v\u00e9hicules neufs. Cette prolongation vaut pour les garanties arrivant \u00e0 \u00e9ch\u00e9ance entre le 1e mars 2020 et le 31 mai 2020. Cette mesure, gratuite pour les clients, s\u2019applique dans le monde entier. Porsche entend ainsi r\u00e9pondre \u00e0 la crise sanitaire du Coronavirus qui a fortement perturb\u00e9 l\u2019activit\u00e9 de nombreux Centres Porsche depuis mars dernier. Cette prolongation vaut \u00e9galement pour les clients qui ont conclu une garantie Porsche Approved \u00e0 l\u2019\u00e9ch\u00e9ance de la garantie constructeur initiale. Si l\u2019entr\u00e9e en vigueur de la garantie Porsche Approved commence \u00e0 une date comprise dans la p\u00e9riode d\u00e9finie pour la prolongation automatique, celle-ci sera \u00e9galement prolong\u00e9e de trois mois.<br \/><em>\u00a0M.A.B.<\/em><\/p>\n<\/div>\n<\/div>\n<\/div>\n<\/div>\n<div class=\"eco-conseil\">\n<div class=\"view view-eco-conseil-16 view-id-eco_conseil_16 view-display-id-cookies view-dom-id-303ba5305c93ceb70ce3a9dff6fa1f56\">\n<div class=\"view-content\">\n<div id=\"views-bootstrap-grid-1\" class=\"views-bootstrap-grid-plugin-style\">\n<div class=\"row\">\n<div class=\" col-xs-12 col-lg-4\">\n<div class=\"row\">\n<div class=\"col col-xs-12 col-lg-12\">\n<div class=\"field-content\"><a href=\"\/article\/1061499-booster-sa-motivation-pour-une-bonne-reprise\"><img loading=\"lazy\" decoding=\"async\" class=\"img-responsive\" typeof=\"foaf:Image\" src=\"https:\/\/www.leconomiste.com\/sites\/default\/files\/eco7\/public\/styles\/800x400\/public\/default_images\/default_une.jpg?itok=4jZlgnIZ\" width=\"660\" height=\"330\" alt=\"\"\/><\/a><\/div>\n<\/div>\n<div class=\" title_suite_2 col col-xs-12 col-lg-12\"> <a href=\"\/article\/1061499-booster-sa-motivation-pour-une-bonne-reprise\"\/><span class=\"field-content\">Article 1061499<\/span><\/div>\n<\/div>\n<\/div>\n<div class=\" col-xs-12 col-lg-4\">\n<div class=\"row\">\n<div class=\"col col-xs-12 col-lg-12\">\n<div class=\"field-content\"><a href=\"\/article\/1061498-valoris-securities-lance-sa-solution-de-bourse-en-ligne\"><img loading=\"lazy\" decoding=\"async\" class=\"img-responsive\" typeof=\"foaf:Image\" src=\"https:\/\/www.leconomiste.com\/sites\/default\/files\/eco7\/public\/styles\/800x400\/public\/default_images\/default_une.jpg?itok=4jZlgnIZ\" width=\"660\" height=\"330\" alt=\"\"\/><\/a><\/div>\n<\/div>\n<div class=\" title_suite_2 col col-xs-12 col-lg-12\"> <a href=\"\/article\/1061498-valoris-securities-lance-sa-solution-de-bourse-en-ligne\"\/><span class=\"field-content\">Valoris Securities lance sa solution de Bourse en ligne<\/span><\/div>\n<\/div>\n<\/div>\n<div class=\" col-xs-12 col-lg-4\">\n<div class=\"row\">\n<div class=\"col col-xs-12 col-lg-12\">\n<div class=\"field-content\"><a href=\"\/article\/1061497-un-geoportail-pour-la-veille-territoriale\"><img loading=\"lazy\" decoding=\"async\" class=\"img-responsive\" typeof=\"foaf:Image\" src=\"https:\/\/www.leconomiste.com\/sites\/default\/files\/eco7\/public\/styles\/800x400\/public\/default_images\/default_une.jpg?itok=4jZlgnIZ\" width=\"660\" height=\"330\" alt=\"\"\/><\/a><\/div>\n<\/div>\n<div class=\" title_suite_2 col col-xs-12 col-lg-12\"> <a href=\"\/article\/1061497-un-geoportail-pour-la-veille-territoriale\"\/><span class=\"field-content\">Un g\u00e9oportail pour la veille territoriale<\/span><\/div>\n<\/div>\n<\/div>\n<\/div>\n<\/div>\n<\/div>\n<\/div>\n<\/div>\n<p>Auteur: hlafriqi<br \/>\n<a href=\"https:\/\/www.leconomiste.com\/article\/1061496-porsche-prolonge-la-garantie-de-ses-vehicules\">Cliquez ici pour lire l&rsquo;article depuis sa source.<\/a><\/p>\n","protected":false},"excerpt":{"rendered":"<p>Porsche prolonge de trois mois la garantie constructeur sur tous ses v\u00e9hicules neufs. Cette prolongation vaut pour les garanties arrivant \u00e0 \u00e9ch\u00e9ance entre le 1e mars 2020 et le 31 mai 2020. Cette mesure, gratuite pour les clients, s\u2019applique dans le monde entier. Porsche entend ainsi r\u00e9pondre \u00e0 la crise sanitaire du Coronavirus qui a [&hellip;]<\/p>\n","protected":false},"author":1763,"featured_media":0,"comment_status":"closed","ping_status":"closed","sticky":false,"template":"","format":"standard","meta":{"fifu_image_url":"","fifu_image_alt":"","footnotes":""},"categories":[78,54],"tags":[],"class_list":["post-84394","post","type-post","status-publish","format-standard","hentry","category-economie","category-maroc"],"_links":{"self":[{"href":"https:\/\/linitiative.ca\/International\/wp-json\/wp\/v2\/posts\/84394","targetHints":{"allow":["GET"]}}],"collection":[{"href":"https:\/\/linitiative.ca\/International\/wp-json\/wp\/v2\/posts"}],"about":[{"href":"https:\/\/linitiative.ca\/International\/wp-json\/wp\/v2\/types\/post"}],"author":[{"embeddable":true,"href":"https:\/\/linitiative.ca\/International\/wp-json\/wp\/v2\/users\/1763"}],"replies":[{"embeddable":true,"href":"https:\/\/linitiative.ca\/International\/wp-json\/wp\/v2\/comments?post=84394"}],"version-history":[{"count":0,"href":"https:\/\/linitiative.ca\/International\/wp-json\/wp\/v2\/posts\/84394\/revisions"}],"wp:attachment":[{"href":"https:\/\/linitiative.ca\/International\/wp-json\/wp\/v2\/media?parent=84394"}],"wp:term":[{"taxonomy":"category","embeddable":true,"href":"https:\/\/linitiative.ca\/International\/wp-json\/wp\/v2\/categories?post=84394"},{"taxonomy":"post_tag","embeddable":true,"href":"https:\/\/linitiative.ca\/International\/wp-json\/wp\/v2\/tags?post=84394"}],"curies":[{"name":"wp","href":"https:\/\/api.w.org\/{rel}","templated":true}]}}