{"id":84395,"date":"2020-05-05T13:40:04","date_gmt":"2020-05-05T17:40:04","guid":{"rendered":"https:\/\/linitiative.ca\/International\/un-geoportail-pour-la-veille-territoriale\/"},"modified":"2020-05-05T13:40:04","modified_gmt":"2020-05-05T17:40:04","slug":"un-geoportail-pour-la-veille-territoriale","status":"publish","type":"post","link":"https:\/\/linitiative.ca\/International\/un-geoportail-pour-la-veille-territoriale\/","title":{"rendered":"Un g\u00e9oportail pour la veille territoriale"},"content":{"rendered":"<div class=\"body\">\n<div class=\"field field-name-body field-type-text-with-summary field-label-hidden\">\n<div class=\"field-items\" readability=\"9\">\n<div class=\"field-item even\" property=\"content:encoded\" readability=\"13\">\n<p class=\"rtejustify\">Le minist\u00e8re de l\u2019Am\u00e9nagement du territoire et de l\u2019Habitat vient de lancer un nouveau g\u00e9oportail pour \u00able partage des informations territoriales n\u00e9cessaires \u00e0 la prise de d\u00e9cision et la planification strat\u00e9gique\u00bb. Ce dispositif de veille assurera le suivi de l\u2019\u00e9volution des indicateurs socio-\u00e9conomiques, environnementaux et urbanistiques, notamment pendant cette p\u00e9riode de crise sanitaire, est-il indiqu\u00e9.<br \/><em>M.A.M.<\/em><\/p>\n<\/div>\n<\/div>\n<\/div>\n<\/div>\n<div class=\"eco-conseil\">\n<div class=\"view view-eco-conseil-16 view-id-eco_conseil_16 view-display-id-cookies view-dom-id-c5233448378338153f7aa536b6f5f758\">\n<div class=\"view-content\">\n<div id=\"views-bootstrap-grid-1\" class=\"views-bootstrap-grid-plugin-style\">\n<div class=\"row\">\n<div class=\" col-xs-12 col-lg-4\">\n<div class=\"row\">\n<div class=\"col col-xs-12 col-lg-12\">\n<div class=\"field-content\"><a href=\"\/article\/1061499-booster-sa-motivation-pour-une-bonne-reprise\"><img loading=\"lazy\" decoding=\"async\" class=\"img-responsive\" typeof=\"foaf:Image\" src=\"https:\/\/www.leconomiste.com\/sites\/default\/files\/eco7\/public\/styles\/800x400\/public\/default_images\/default_une.jpg?itok=4jZlgnIZ\" width=\"660\" height=\"330\" alt=\"\"\/><\/a><\/div>\n<\/div>\n<div class=\" title_suite_2 col col-xs-12 col-lg-12\"> <a href=\"\/article\/1061499-booster-sa-motivation-pour-une-bonne-reprise\"\/><span class=\"field-content\">Article 1061499<\/span><\/div>\n<\/div>\n<\/div>\n<div class=\" col-xs-12 col-lg-4\">\n<div class=\"row\">\n<div class=\"col col-xs-12 col-lg-12\">\n<div class=\"field-content\"><a href=\"\/article\/1061498-valoris-securities-lance-sa-solution-de-bourse-en-ligne\"><img loading=\"lazy\" decoding=\"async\" class=\"img-responsive\" typeof=\"foaf:Image\" src=\"https:\/\/www.leconomiste.com\/sites\/default\/files\/eco7\/public\/styles\/800x400\/public\/default_images\/default_une.jpg?itok=4jZlgnIZ\" width=\"660\" height=\"330\" alt=\"\"\/><\/a><\/div>\n<\/div>\n<div class=\" title_suite_2 col col-xs-12 col-lg-12\"> <a href=\"\/article\/1061498-valoris-securities-lance-sa-solution-de-bourse-en-ligne\"\/><span class=\"field-content\">Valoris Securities lance sa solution de Bourse en ligne<\/span><\/div>\n<\/div>\n<\/div>\n<div class=\" col-xs-12 col-lg-4\">\n<div class=\"row\">\n<div class=\"col col-xs-12 col-lg-12\">\n<div class=\"field-content\"><a href=\"\/article\/1061496-porsche-prolonge-la-garantie-de-ses-vehicules\"><img loading=\"lazy\" decoding=\"async\" class=\"img-responsive\" typeof=\"foaf:Image\" src=\"https:\/\/www.leconomiste.com\/sites\/default\/files\/eco7\/public\/styles\/800x400\/public\/default_images\/default_une.jpg?itok=4jZlgnIZ\" width=\"660\" height=\"330\" alt=\"\"\/><\/a><\/div>\n<\/div>\n<div class=\" title_suite_2 col col-xs-12 col-lg-12\"> <a href=\"\/article\/1061496-porsche-prolonge-la-garantie-de-ses-vehicules\"\/><span class=\"field-content\">Porsche prolonge la garantie de ses v\u00e9hicules <\/span><\/div>\n<\/div>\n<\/div>\n<\/div>\n<\/div>\n<\/div>\n<\/div>\n<\/div>\n<p>Auteur: hlafriqi<br \/>\n<a href=\"https:\/\/www.leconomiste.com\/article\/1061497-un-geoportail-pour-la-veille-territoriale\">Cliquez ici pour lire l&rsquo;article depuis sa source.<\/a><\/p>\n","protected":false},"excerpt":{"rendered":"<p>Le minist\u00e8re de l\u2019Am\u00e9nagement du territoire et de l\u2019Habitat vient de lancer un nouveau g\u00e9oportail pour \u00able partage des informations territoriales n\u00e9cessaires \u00e0 la prise de d\u00e9cision et la planification strat\u00e9gique\u00bb. Ce dispositif de veille assurera le suivi de l\u2019\u00e9volution des indicateurs socio-\u00e9conomiques, environnementaux et urbanistiques, notamment pendant cette p\u00e9riode de crise sanitaire, est-il indiqu\u00e9.M.A.M. [&hellip;]<\/p>\n","protected":false},"author":1763,"featured_media":0,"comment_status":"closed","ping_status":"closed","sticky":false,"template":"","format":"standard","meta":{"fifu_image_url":"","fifu_image_alt":"","footnotes":""},"categories":[78,54],"tags":[],"class_list":["post-84395","post","type-post","status-publish","format-standard","hentry","category-economie","category-maroc"],"_links":{"self":[{"href":"https:\/\/linitiative.ca\/International\/wp-json\/wp\/v2\/posts\/84395","targetHints":{"allow":["GET"]}}],"collection":[{"href":"https:\/\/linitiative.ca\/International\/wp-json\/wp\/v2\/posts"}],"about":[{"href":"https:\/\/linitiative.ca\/International\/wp-json\/wp\/v2\/types\/post"}],"author":[{"embeddable":true,"href":"https:\/\/linitiative.ca\/International\/wp-json\/wp\/v2\/users\/1763"}],"replies":[{"embeddable":true,"href":"https:\/\/linitiative.ca\/International\/wp-json\/wp\/v2\/comments?post=84395"}],"version-history":[{"count":0,"href":"https:\/\/linitiative.ca\/International\/wp-json\/wp\/v2\/posts\/84395\/revisions"}],"wp:attachment":[{"href":"https:\/\/linitiative.ca\/International\/wp-json\/wp\/v2\/media?parent=84395"}],"wp:term":[{"taxonomy":"category","embeddable":true,"href":"https:\/\/linitiative.ca\/International\/wp-json\/wp\/v2\/categories?post=84395"},{"taxonomy":"post_tag","embeddable":true,"href":"https:\/\/linitiative.ca\/International\/wp-json\/wp\/v2\/tags?post=84395"}],"curies":[{"name":"wp","href":"https:\/\/api.w.org\/{rel}","templated":true}]}}