{"id":84396,"date":"2020-05-05T13:40:52","date_gmt":"2020-05-05T17:40:52","guid":{"rendered":"https:\/\/linitiative.ca\/International\/valoris-securities-lance-sa-solution-de-bourse-en-ligne\/"},"modified":"2020-05-05T13:40:52","modified_gmt":"2020-05-05T17:40:52","slug":"valoris-securities-lance-sa-solution-de-bourse-en-ligne","status":"publish","type":"post","link":"https:\/\/linitiative.ca\/International\/valoris-securities-lance-sa-solution-de-bourse-en-ligne\/","title":{"rendered":"Valoris Securities lance sa solution de Bourse en ligne"},"content":{"rendered":"<div class=\"body\">\n<div class=\"field field-name-body field-type-text-with-summary field-label-hidden\">\n<div class=\"field-items\" readability=\"10\">\n<div class=\"field-item even\" property=\"content:encoded\" readability=\"15\">\n<p class=\"rtejustify\">La filiale de Capital Gestion Group \u00e9toffe ses services avec la solution de Bourse en ligne \u00abValoris Bourse Direct\u00bb. D\u00e9velopp\u00e9e en partenariat avec DirectFN, cette solution bas\u00e9e sur une technologie de nouvelle g\u00e9n\u00e9ration et d\u00e9di\u00e9e au march\u00e9 marocain, est la premi\u00e8re en son genre \u00e0 apporter une exp\u00e9rience utilisateur unique. Elle s\u2019adapte ainsi \u00e0 toute cat\u00e9gorie de profils, traders ou investisseurs, gr\u00e2ce aux outils d\u2019aide \u00e0 la d\u00e9cision disponibles sur tout type de canal: ordinateur, smartphone et tablette.<br \/><em>M.A.B.<\/em><\/p>\n<\/div>\n<\/div>\n<\/div>\n<\/div>\n<div class=\"eco-conseil\">\n<div class=\"view view-eco-conseil-16 view-id-eco_conseil_16 view-display-id-cookies view-dom-id-d8ce84ea4254419c2653432a6bfff2a5\">\n<div class=\"view-content\">\n<div id=\"views-bootstrap-grid-1\" class=\"views-bootstrap-grid-plugin-style\">\n<div class=\"row\">\n<div class=\" col-xs-12 col-lg-4\">\n<div class=\"row\">\n<div class=\"col col-xs-12 col-lg-12\">\n<div class=\"field-content\"><a href=\"\/article\/1061499-booster-sa-motivation-pour-une-bonne-reprise\"><img loading=\"lazy\" decoding=\"async\" class=\"img-responsive\" typeof=\"foaf:Image\" src=\"https:\/\/www.leconomiste.com\/sites\/default\/files\/eco7\/public\/styles\/800x400\/public\/default_images\/default_une.jpg?itok=4jZlgnIZ\" width=\"660\" height=\"330\" alt=\"\"\/><\/a><\/div>\n<\/div>\n<div class=\" title_suite_2 col col-xs-12 col-lg-12\"> <a href=\"\/article\/1061499-booster-sa-motivation-pour-une-bonne-reprise\"\/><span class=\"field-content\">Article 1061499<\/span><\/div>\n<\/div>\n<\/div>\n<div class=\" col-xs-12 col-lg-4\">\n<div class=\"row\">\n<div class=\"col col-xs-12 col-lg-12\">\n<div class=\"field-content\"><a href=\"\/article\/1061497-un-geoportail-pour-la-veille-territoriale\"><img loading=\"lazy\" decoding=\"async\" class=\"img-responsive\" typeof=\"foaf:Image\" src=\"https:\/\/www.leconomiste.com\/sites\/default\/files\/eco7\/public\/styles\/800x400\/public\/default_images\/default_une.jpg?itok=4jZlgnIZ\" width=\"660\" height=\"330\" alt=\"\"\/><\/a><\/div>\n<\/div>\n<div class=\" title_suite_2 col col-xs-12 col-lg-12\"> <a href=\"\/article\/1061497-un-geoportail-pour-la-veille-territoriale\"\/><span class=\"field-content\">Un g\u00e9oportail pour la veille territoriale<\/span><\/div>\n<\/div>\n<\/div>\n<div class=\" col-xs-12 col-lg-4\">\n<div class=\"row\">\n<div class=\"col col-xs-12 col-lg-12\">\n<div class=\"field-content\"><a href=\"\/article\/1061496-porsche-prolonge-la-garantie-de-ses-vehicules\"><img loading=\"lazy\" decoding=\"async\" class=\"img-responsive\" typeof=\"foaf:Image\" src=\"https:\/\/www.leconomiste.com\/sites\/default\/files\/eco7\/public\/styles\/800x400\/public\/default_images\/default_une.jpg?itok=4jZlgnIZ\" width=\"660\" height=\"330\" alt=\"\"\/><\/a><\/div>\n<\/div>\n<div class=\" title_suite_2 col col-xs-12 col-lg-12\"> <a href=\"\/article\/1061496-porsche-prolonge-la-garantie-de-ses-vehicules\"\/><span class=\"field-content\">Porsche prolonge la garantie de ses v\u00e9hicules <\/span><\/div>\n<\/div>\n<\/div>\n<\/div>\n<\/div>\n<\/div>\n<\/div>\n<\/div>\n<p>Auteur: hlafriqi<br \/>\n<a href=\"https:\/\/www.leconomiste.com\/article\/1061498-valoris-securities-lance-sa-solution-de-bourse-en-ligne\">Cliquez ici pour lire l&rsquo;article depuis sa source.<\/a><\/p>\n","protected":false},"excerpt":{"rendered":"<p>La filiale de Capital Gestion Group \u00e9toffe ses services avec la solution de Bourse en ligne \u00abValoris Bourse Direct\u00bb. D\u00e9velopp\u00e9e en partenariat avec DirectFN, cette solution bas\u00e9e sur une technologie de nouvelle g\u00e9n\u00e9ration et d\u00e9di\u00e9e au march\u00e9 marocain, est la premi\u00e8re en son genre \u00e0 apporter une exp\u00e9rience utilisateur unique. Elle s\u2019adapte ainsi \u00e0 toute [&hellip;]<\/p>\n","protected":false},"author":1763,"featured_media":0,"comment_status":"closed","ping_status":"closed","sticky":false,"template":"","format":"standard","meta":{"fifu_image_url":"","fifu_image_alt":"","footnotes":""},"categories":[78,54],"tags":[],"class_list":["post-84396","post","type-post","status-publish","format-standard","hentry","category-economie","category-maroc"],"_links":{"self":[{"href":"https:\/\/linitiative.ca\/International\/wp-json\/wp\/v2\/posts\/84396","targetHints":{"allow":["GET"]}}],"collection":[{"href":"https:\/\/linitiative.ca\/International\/wp-json\/wp\/v2\/posts"}],"about":[{"href":"https:\/\/linitiative.ca\/International\/wp-json\/wp\/v2\/types\/post"}],"author":[{"embeddable":true,"href":"https:\/\/linitiative.ca\/International\/wp-json\/wp\/v2\/users\/1763"}],"replies":[{"embeddable":true,"href":"https:\/\/linitiative.ca\/International\/wp-json\/wp\/v2\/comments?post=84396"}],"version-history":[{"count":0,"href":"https:\/\/linitiative.ca\/International\/wp-json\/wp\/v2\/posts\/84396\/revisions"}],"wp:attachment":[{"href":"https:\/\/linitiative.ca\/International\/wp-json\/wp\/v2\/media?parent=84396"}],"wp:term":[{"taxonomy":"category","embeddable":true,"href":"https:\/\/linitiative.ca\/International\/wp-json\/wp\/v2\/categories?post=84396"},{"taxonomy":"post_tag","embeddable":true,"href":"https:\/\/linitiative.ca\/International\/wp-json\/wp\/v2\/tags?post=84396"}],"curies":[{"name":"wp","href":"https:\/\/api.w.org\/{rel}","templated":true}]}}