{"id":84398,"date":"2020-05-05T15:14:00","date_gmt":"2020-05-05T19:14:00","guid":{"rendered":"https:\/\/linitiative.ca\/International\/pros-nice-ne-levera-pas-loption-dachat-pour-ounas\/"},"modified":"2020-05-05T15:14:00","modified_gmt":"2020-05-05T19:14:00","slug":"pros-nice-ne-levera-pas-loption-dachat-pour-ounas","status":"publish","type":"post","link":"https:\/\/linitiative.ca\/International\/pros-nice-ne-levera-pas-loption-dachat-pour-ounas\/","title":{"rendered":"Pros : Nice ne l\u00e8vera pas l&rsquo;option d&rsquo;achat pour Ounas"},"content":{"rendered":"<div readability=\"32\">\n<p>Auteur : <span class=\"time\">mardi 05 mai 2020 15:34<\/span><\/p>\n<\/div>\n<div id=\"post_core\" readability=\"39\">\n<p>Apr\u00e8s une saison avec Nice, Adam Ounas (23 ans) retourne \u00e0 Naples. Le milieu offensif n&rsquo;aura pas r\u00e9ussi \u00e0 convaincre suffisamment les dirigeants ni\u00e7ois de lever l&rsquo;option d&rsquo;achat, comme pour Riza Durmisi et Moussa Wagu\u00e9, les deux autres joueurs pr\u00eat\u00e9s. Le vainqueur de la Coupe d&rsquo;Afrique des Nations 2019 aura disput\u00e9 19 rencontres toutes comp\u00e9titions confondues, marquant \u00e0 4 reprises pour autant de passes d\u00e9cisives. Il aura tout de m\u00eame particip\u00e9 \u00e0 la belle 5e place arrach\u00e9e par les Aiglons dans cette Ligue 1 tronqu\u00e9e rapporte Foot Mercato.<\/p>\n<p><strong>Publi\u00e9 dans :<\/strong> <span>Ounas<\/span><\/p>\n<\/div>\n<p>Auteur:<br \/>\n<a href=\"http:\/\/www.lebuteur.com\/article\/detail?titre=nice-ne-levera-pas-loption-dachat-pour-ounas&#038;id=95845&#038;utm_source=feedburner&#038;utm_medium=feed&#038;utm_campaign=Feed%3A+GalerieFArtciles+%28Les+derniers+articles++-+lebuteur.com%29\">Cliquez ici pour lire l&rsquo;article depuis sa source.<\/a><\/p>\n","protected":false},"excerpt":{"rendered":"<p>Auteur : mardi 05 mai 2020 15:34 Apr\u00e8s une saison avec Nice, Adam Ounas (23 ans) retourne \u00e0 Naples. Le milieu offensif n&rsquo;aura pas r\u00e9ussi \u00e0 convaincre suffisamment les dirigeants ni\u00e7ois de lever l&rsquo;option d&rsquo;achat, comme pour Riza Durmisi et Moussa Wagu\u00e9, les deux autres joueurs pr\u00eat\u00e9s. Le vainqueur de la Coupe d&rsquo;Afrique des Nations [&hellip;]<\/p>\n","protected":false},"author":1738,"featured_media":84399,"comment_status":"closed","ping_status":"closed","sticky":false,"template":"","format":"standard","meta":{"fifu_image_url":"","fifu_image_alt":"","footnotes":""},"categories":[53,75],"tags":[],"class_list":["post-84398","post","type-post","status-publish","format-standard","has-post-thumbnail","hentry","category-algerie","category-sport"],"_links":{"self":[{"href":"https:\/\/linitiative.ca\/International\/wp-json\/wp\/v2\/posts\/84398","targetHints":{"allow":["GET"]}}],"collection":[{"href":"https:\/\/linitiative.ca\/International\/wp-json\/wp\/v2\/posts"}],"about":[{"href":"https:\/\/linitiative.ca\/International\/wp-json\/wp\/v2\/types\/post"}],"author":[{"embeddable":true,"href":"https:\/\/linitiative.ca\/International\/wp-json\/wp\/v2\/users\/1738"}],"replies":[{"embeddable":true,"href":"https:\/\/linitiative.ca\/International\/wp-json\/wp\/v2\/comments?post=84398"}],"version-history":[{"count":0,"href":"https:\/\/linitiative.ca\/International\/wp-json\/wp\/v2\/posts\/84398\/revisions"}],"wp:featuredmedia":[{"embeddable":true,"href":"https:\/\/linitiative.ca\/International\/wp-json\/"}],"wp:attachment":[{"href":"https:\/\/linitiative.ca\/International\/wp-json\/wp\/v2\/media?parent=84398"}],"wp:term":[{"taxonomy":"category","embeddable":true,"href":"https:\/\/linitiative.ca\/International\/wp-json\/wp\/v2\/categories?post=84398"},{"taxonomy":"post_tag","embeddable":true,"href":"https:\/\/linitiative.ca\/International\/wp-json\/wp\/v2\/tags?post=84398"}],"curies":[{"name":"wp","href":"https:\/\/api.w.org\/{rel}","templated":true}]}}