{"id":84400,"date":"2020-05-05T15:14:01","date_gmt":"2020-05-05T19:14:01","guid":{"rendered":"https:\/\/linitiative.ca\/International\/pros-un-duel-a-trois-pour-le-recrutement-de-benlamri\/"},"modified":"2020-05-05T15:14:01","modified_gmt":"2020-05-05T19:14:01","slug":"pros-un-duel-a-trois-pour-le-recrutement-de-benlamri","status":"publish","type":"post","link":"https:\/\/linitiative.ca\/International\/pros-un-duel-a-trois-pour-le-recrutement-de-benlamri\/","title":{"rendered":"Pros : Un duel \u00e0 trois pour le recrutement de Benlamri"},"content":{"rendered":"<div readability=\"32\">\n<p>Auteur : <span>Riad O.<\/span> <span class=\"time\">mardi 05 mai 2020 15:53<\/span><\/p>\n<\/div>\n<div id=\"post_core\" readability=\"38\">\n<p>A en croire la presse saoudienne, le club d\u2019Al Hilal aurait rejoint la liste des formations d\u00e9sireuses de s\u2019offrir cet \u00e9t\u00e9 les services du d\u00e9fenseur Alg\u00e9rien, Djamel Benlamri. Al Hilal est le troisi\u00e8me club \u00e0 vouloir recruter Benlamri lors du prochain mercato estival apr\u00e8s Al Nasr et Al Ahli. Selon la m\u00eame source toujours, les responsables d\u2019Al Hilal souhaiteraient profiter des probl\u00e8mes entre le joueur Alg\u00e9rien et son club d\u2019Al Shabab pour le chiper.<\/p>\n<p><strong>Publi\u00e9 dans :<\/strong> <span>UBenlamri<\/span><\/p>\n<\/div>\n<p>Auteur:<br \/>\n<a href=\"http:\/\/www.lebuteur.com\/article\/detail?titre=un-duel-a-trois-pour-le-recrutement-de-benlamri&#038;id=95846&#038;utm_source=feedburner&#038;utm_medium=feed&#038;utm_campaign=Feed%3A+GalerieFArtciles+%28Les+derniers+articles++-+lebuteur.com%29\">Cliquez ici pour lire l&rsquo;article depuis sa source.<\/a><\/p>\n","protected":false},"excerpt":{"rendered":"<p>Auteur : Riad O. mardi 05 mai 2020 15:53 A en croire la presse saoudienne, le club d\u2019Al Hilal aurait rejoint la liste des formations d\u00e9sireuses de s\u2019offrir cet \u00e9t\u00e9 les services du d\u00e9fenseur Alg\u00e9rien, Djamel Benlamri. Al Hilal est le troisi\u00e8me club \u00e0 vouloir recruter Benlamri lors du prochain mercato estival apr\u00e8s Al Nasr [&hellip;]<\/p>\n","protected":false},"author":1738,"featured_media":84401,"comment_status":"closed","ping_status":"closed","sticky":false,"template":"","format":"standard","meta":{"fifu_image_url":"","fifu_image_alt":"","footnotes":""},"categories":[53,75],"tags":[],"class_list":["post-84400","post","type-post","status-publish","format-standard","has-post-thumbnail","hentry","category-algerie","category-sport"],"_links":{"self":[{"href":"https:\/\/linitiative.ca\/International\/wp-json\/wp\/v2\/posts\/84400","targetHints":{"allow":["GET"]}}],"collection":[{"href":"https:\/\/linitiative.ca\/International\/wp-json\/wp\/v2\/posts"}],"about":[{"href":"https:\/\/linitiative.ca\/International\/wp-json\/wp\/v2\/types\/post"}],"author":[{"embeddable":true,"href":"https:\/\/linitiative.ca\/International\/wp-json\/wp\/v2\/users\/1738"}],"replies":[{"embeddable":true,"href":"https:\/\/linitiative.ca\/International\/wp-json\/wp\/v2\/comments?post=84400"}],"version-history":[{"count":0,"href":"https:\/\/linitiative.ca\/International\/wp-json\/wp\/v2\/posts\/84400\/revisions"}],"wp:featuredmedia":[{"embeddable":true,"href":"https:\/\/linitiative.ca\/International\/wp-json\/"}],"wp:attachment":[{"href":"https:\/\/linitiative.ca\/International\/wp-json\/wp\/v2\/media?parent=84400"}],"wp:term":[{"taxonomy":"category","embeddable":true,"href":"https:\/\/linitiative.ca\/International\/wp-json\/wp\/v2\/categories?post=84400"},{"taxonomy":"post_tag","embeddable":true,"href":"https:\/\/linitiative.ca\/International\/wp-json\/wp\/v2\/tags?post=84400"}],"curies":[{"name":"wp","href":"https:\/\/api.w.org\/{rel}","templated":true}]}}