{"id":84402,"date":"2020-05-05T15:14:02","date_gmt":"2020-05-05T19:14:02","guid":{"rendered":"https:\/\/linitiative.ca\/International\/pros-nimes-vers-le-depart-de-ferhat-cet-ete\/"},"modified":"2020-05-05T15:14:02","modified_gmt":"2020-05-05T19:14:02","slug":"pros-nimes-vers-le-depart-de-ferhat-cet-ete","status":"publish","type":"post","link":"https:\/\/linitiative.ca\/International\/pros-nimes-vers-le-depart-de-ferhat-cet-ete\/","title":{"rendered":"Pros : N\u00eemes: Vers le d\u00e9part de Ferhat cet \u00e9t\u00e9 ?"},"content":{"rendered":"<div readability=\"32\">\n<p>Auteur : <span>Riad O.<\/span> <span class=\"time\">mardi 05 mai 2020 15:54<\/span><\/p>\n<\/div>\n<div id=\"post_core\" readability=\"39\">\n<p>La presse fran\u00e7aise a \u00e9voqu\u00e9 le possible d\u00e9part de l\u2019attaquant Alg\u00e9rien, Zinedine Ferhat cet \u00e9t\u00e9 de son club de N\u00eemes. Selon la m\u00eame source toujours, l\u2019ancien joueur de l\u2019USMA serait suivi par plusieurs clubs espagnols, fran\u00e7ais et italiens. Cela se passe au moment o\u00f9 l\u2019entra\u00eeneur N\u00eemois, Bernard Blaquart a fait part de son souhait de conserver l\u2019ossature \u00a0de son effectif pour la saison prochaine.<\/p>\n<p><strong>Publi\u00e9 dans :<\/strong> <span>ferhat<\/span><\/p>\n<\/div>\n<p>Auteur:<br \/>\n<a href=\"http:\/\/www.lebuteur.com\/article\/detail?titre=nimes-vers-le-depart-de-ferhat-cet-ete&#038;id=95847&#038;utm_source=feedburner&#038;utm_medium=feed&#038;utm_campaign=Feed%3A+GalerieFArtciles+%28Les+derniers+articles++-+lebuteur.com%29\">Cliquez ici pour lire l&rsquo;article depuis sa source.<\/a><\/p>\n","protected":false},"excerpt":{"rendered":"<p>Auteur : Riad O. mardi 05 mai 2020 15:54 La presse fran\u00e7aise a \u00e9voqu\u00e9 le possible d\u00e9part de l\u2019attaquant Alg\u00e9rien, Zinedine Ferhat cet \u00e9t\u00e9 de son club de N\u00eemes. Selon la m\u00eame source toujours, l\u2019ancien joueur de l\u2019USMA serait suivi par plusieurs clubs espagnols, fran\u00e7ais et italiens. Cela se passe au moment o\u00f9 l\u2019entra\u00eeneur N\u00eemois, [&hellip;]<\/p>\n","protected":false},"author":1738,"featured_media":84403,"comment_status":"closed","ping_status":"closed","sticky":false,"template":"","format":"standard","meta":{"fifu_image_url":"","fifu_image_alt":"","footnotes":""},"categories":[53,75],"tags":[],"class_list":["post-84402","post","type-post","status-publish","format-standard","has-post-thumbnail","hentry","category-algerie","category-sport"],"_links":{"self":[{"href":"https:\/\/linitiative.ca\/International\/wp-json\/wp\/v2\/posts\/84402","targetHints":{"allow":["GET"]}}],"collection":[{"href":"https:\/\/linitiative.ca\/International\/wp-json\/wp\/v2\/posts"}],"about":[{"href":"https:\/\/linitiative.ca\/International\/wp-json\/wp\/v2\/types\/post"}],"author":[{"embeddable":true,"href":"https:\/\/linitiative.ca\/International\/wp-json\/wp\/v2\/users\/1738"}],"replies":[{"embeddable":true,"href":"https:\/\/linitiative.ca\/International\/wp-json\/wp\/v2\/comments?post=84402"}],"version-history":[{"count":0,"href":"https:\/\/linitiative.ca\/International\/wp-json\/wp\/v2\/posts\/84402\/revisions"}],"wp:featuredmedia":[{"embeddable":true,"href":"https:\/\/linitiative.ca\/International\/wp-json\/"}],"wp:attachment":[{"href":"https:\/\/linitiative.ca\/International\/wp-json\/wp\/v2\/media?parent=84402"}],"wp:term":[{"taxonomy":"category","embeddable":true,"href":"https:\/\/linitiative.ca\/International\/wp-json\/wp\/v2\/categories?post=84402"},{"taxonomy":"post_tag","embeddable":true,"href":"https:\/\/linitiative.ca\/International\/wp-json\/wp\/v2\/tags?post=84402"}],"curies":[{"name":"wp","href":"https:\/\/api.w.org\/{rel}","templated":true}]}}