{"id":84408,"date":"2020-05-05T15:18:32","date_gmt":"2020-05-05T19:18:32","guid":{"rendered":"https:\/\/linitiative.ca\/International\/membre-du-groupe-des-22-historiques-le-moudjahid-abdelkader-lamoudi-inhume-au-cimetiere-del-alia\/"},"modified":"2020-05-05T15:18:32","modified_gmt":"2020-05-05T19:18:32","slug":"membre-du-groupe-des-22-historiques-le-moudjahid-abdelkader-lamoudi-inhume-au-cimetiere-del-alia","status":"publish","type":"post","link":"https:\/\/linitiative.ca\/International\/membre-du-groupe-des-22-historiques-le-moudjahid-abdelkader-lamoudi-inhume-au-cimetiere-del-alia\/","title":{"rendered":"Membre du groupe des 22 historiques : Le moudjahid Abdelkader Lamoudi inhum\u00e9 au cimeti\u00e8re d\u2019El-Alia"},"content":{"rendered":"<p>Le moudjahid Abdelkader Lamoudi, l&rsquo;un des derniers membres du Groupe historique des 22, d\u00e9c\u00e9d\u00e9 lundi \u00e0 l&rsquo;\u00e2ge de 95 ans, a \u00e9t\u00e9 inhum\u00e9 hier apr\u00e8s la pri\u00e8re de Dohr, au cimeti\u00e8re d&rsquo;El-Alia, \u00e0 Alger.<br \/>Les fun\u00e9railles se sont d\u00e9roul\u00e9es en pr\u00e9sence notamment du pr\u00e9sident du Conseil de la nation par int\u00e9rim, Salah Goudjil, du pr\u00e9sident de l&rsquo;Assembl\u00e9e populaire nationale (APN), Slimane Chenine, du ministre de l&rsquo;Int\u00e9rieur, des Collectivit\u00e9s locales, et de l&rsquo;Am\u00e9nagement du Territoire, Kamel Beldjoud, et celui des Moudjahidine et des Ayants-droit, Tayeb Zitouni, de moudjahidine ainsi que de ses proches .<br \/>Lors de l&rsquo;oraison fun\u00e8bre, un hommage a \u00e9t\u00e9 rendu au d\u00e9funt qui \u00e9tait parmi les hommes qui ont lutt\u00e9 avec foi, courage et fid\u00e9lit\u00e9 pour l&rsquo;ind\u00e9pendance de l&rsquo;Alg\u00e9rie, et dont le parcours a marqu\u00e9 l&rsquo;histoire du pays.<br \/>Abdelkader Lamoudi est l&rsquo;un des derniers membres du Groupe historique des 22 aux c\u00f4t\u00e9s du moudjahid Othmane Belouizdad. N\u00e9 en 1925 \u00e0 El Oued, il a rejoint les rangs du Parti du peuple alg\u00e9rien (PPA) en 1943 pour former une cellule secr\u00e8te du parti dans sa ville natale avec El-Hachemi Lounici, Benmiloudi Ahmed et Mohamed Belhadj. Le d\u00e9funt a adh\u00e9r\u00e9 \u00e0 l&rsquo;organisation d\u00e8s sa cr\u00e9ation, activait entre El-Oued et Biskra jusqu&rsquo;\u00e0 A\u00efn Touta \u00e0 Batna, et il \u00e9tait parmi les militants arr\u00eat\u00e9s le 1er novembre 1954 avant d&rsquo;\u00eatre lib\u00e9r\u00e9 au printemps 1955.<br \/>Il retourne, par la suite, \u00e0 Alger en compagnie du Chahid Si El-Haou\u00e8s pour tenter de s&rsquo;engager dans la Guerre de lib\u00e9ration. Il fut arr\u00eat\u00e9, encore une fois, \u00e0 la fin de l&rsquo;ann\u00e9e 1955 et incarc\u00e9r\u00e9 \u00e0 la prison de Barberousse.<br \/>Apr\u00e8s sa lib\u00e9ration, le d\u00e9funt a poursuivi son action r\u00e9volutionnaire au sein des cellules du Front de lib\u00e9ration nationale (FLN) jusqu&rsquo;\u00e0 l&rsquo;ind\u00e9pendance en 1962.<\/p>\n<p>&#8212;&#8212;&#8212;&#8212;&#8212;&#8212;&#8212;&#8212;&#8212;&#8212;-<\/p>\n<p><strong>Hommage des personnalit\u00e9s de l\u2019\u00e9tat<\/strong><\/p>\n<p>Le pr\u00e9sident de la R\u00e9publique, M. Abdelmadjid Tebboune, a adress\u00e9 un message de condol\u00e9ances \u00e0 la famille du moudjahid et membre du Groupe historique des 22, Abdelkader Lamoudi, d\u00e9c\u00e9d\u00e9 lundi \u00e0 l\u2019\u00e2ge de 95 ans, dans lequel il a affirm\u00e9 que \u00abl\u2019Alg\u00e9rie perd aujourd\u2019hui un homme de la trempe de ceux qui ont inscrit en lettres d\u2019or leurs hauts faits dans l\u2019Histoire glorieuse de notre pays\u00bb.<br \/>\u00abNotre tristesse est immense en voyant l\u2019Alg\u00e9rie perdre aujourd\u2019hui un homme de la trempe de ceux qui ont inscrit en lettres d\u2019or leurs hauts faits dans l\u2019Histoire glorieuse de notre pays.<br \/>\u00a0Le Tout-Puissant a gratifi\u00e9 l\u2019Alg\u00e9rie de ses braves et valeureux fils, issus du peuple et dont ils ont pris \u00e0 bras le corps ses souffrances incommensurables sous le joug du colonialisme abject, bravant les difficult\u00e9s et les p\u00e9rils pour arracher la libert\u00e9 et l\u2019ind\u00e9pendance\u00bb, a soulign\u00e9 le pr\u00e9sident de la R\u00e9publique. \u00abCette \u00e9lite de grands hommes d\u2019Alg\u00e9rie, dont Abdelkader Lamoudi, ont constitu\u00e9 le noyau b\u00e9ni du d\u00e9clenchement de l\u2019\u00e9pop\u00e9e de la Guerre de lib\u00e9ration nationale. Ils ont port\u00e9 l\u2019\u00e9tendard de la gloire, de la fiert\u00e9, de la vaillance et de l\u2019honneur en \u00e9tant en premi\u00e8re ligne du d\u00e9clenchement de la lutte arm\u00e9e et tout le long d\u2019une guerre acharn\u00e9e pour l\u2019ind\u00e9pendance de l\u2019Alg\u00e9rie et le recouvrement de sa souverainet\u00e9\u00bb, lit-on dans le message du pr\u00e9sident.<br \/>Le pr\u00e9sident de la R\u00e9publique a ajout\u00e9 que \u00abnotre vaillant peuple retiendra \u00e0 jamais les luttes du d\u00e9funt moudjahid Abdelkader Lamoudi, depuis son adh\u00e9sion au Parti du peuple alg\u00e9rien (PPA) dans la premi\u00e8re cellule \u00e0 El Oued en 1943, puis ses rencontres et contacts avec le h\u00e9ros chahid Larbi Ben M\u2019hidi au sein des \u00abAmis du Manifeste et de la Libert\u00e9\u00bb (AML) et du \u00abMouvement national alg\u00e9rien (MNA). De m\u00eame qu\u2019il se souviendra de son adh\u00e9sion \u00e0 l\u2019Organisation secr\u00e8te (OS) \u00e0 Constantine, dont il a \u00e9t\u00e9 l\u2019un des responsables aux c\u00f4t\u00e9s de ses braves compagnons Mohamed Boudiaf, Larbi Ben M\u2019hidi et Didouche Mourad\u00bb.<br \/>\u00a0\u00abEn ces tristes instants, nous ne pouvons, au moment o\u00f9 nous nous rem\u00e9morons avec orgueil les qualit\u00e9s et gloires d\u2019un moudjahid et patriote authentique, que dire toute notre d\u00e9f\u00e9rence et gratitude \u00e0 la noble et g\u00e9n\u00e9reuse r\u00e9gion qui a donn\u00e9 naissance \u00e0 des Hommes de cette trempe. Nous nous recueillons avec sa population et l\u2019ensemble du peuple alg\u00e9rien \u00e0 sa m\u00e9moire, a \u00e9crit le Pr\u00e9sident Tebboune, adressant ses sinc\u00e8res condol\u00e9ances \u00e0 son honorable famille, priant le Tout-Puissant de le compter parmi les proph\u00e8tes, les v\u00e9ridiques, les martyrs et les vertueux. Et quels bons compagnons que ceux-l\u00e0\u00bb, a-t-il poursuivi.<br \/>De son c\u00f4t\u00e9, le Premier ministre, Abdelaziz Djerad, a affirm\u00e9 que l\u2019Alg\u00e9rie a perdu \u00abun homme de premi\u00e8re heure, qui a consacr\u00e9 toute sa vie \u00e0 la lib\u00e9ration de la Patrie\u00bb.<br \/>\u00a0 \u00abJ\u2019ai appris avec une profonde affliction la douloureuse nouvelle qui vous a afflig\u00e9, celle du d\u00e9c\u00e8s du regrett\u00e9, le moudjahid h\u00e9ros, le grand militant, feu Abdelkader Lamoudi, qu\u2019Allah ait son \u00e2me\u00bb, \u00e9crit M. Djerad dans son message. \u00abLe destin a voulu rappeler le d\u00e9funt en ce mois b\u00e9ni, l\u2019un des derniers membres du Groupe des 22 qui ont planifi\u00e9 le d\u00e9clenchement de la Glorieuse R\u00e9volution de Novembre\u00bb, a indiqu\u00e9 le Premier ministre.\u00a0\u00abAvec la disparition de ce combattant h\u00e9ro\u00efque, l&rsquo;Alg\u00e9rie a perdu un homme de la premi\u00e8re g\u00e9n\u00e9ration qui a pass\u00e9 sa vie dans la lutte au sein des rangs du mouvement national, puis un moudjahid pour la cause nationale, afin de lib\u00e9rer cette ch\u00e8re patrie\u00bb, a affirm\u00e9 le Premier ministre, ajoutant que le d\u00e9funt \u00abn&rsquo;a cess\u00e9 de lutter et de combattre jusqu&rsquo;\u00e0 l&rsquo;ind\u00e9pendance, permettant \u00e0 notre pays de se d\u00e9barrasser d&rsquo;un ennemi brutal et de recouvrer sa souverainet\u00e9 sur son territoire\u00bb.<br \/>Le pr\u00e9sident du Conseil de la nation par int\u00e9rim, Salah Goudjil, a, pour sa part, soulign\u00e9 que le d\u00e9funt fut l\u2019un des grands nationalistes ayant form\u00e9 durant les ann\u00e9es cinquante \u00able noyau d&rsquo;or du d\u00e9clenchement de la lutte arm\u00e9e\u00bb.<br \/>Feu Abdelkader Lamoudi \u00abreste un des maillons forts de la R\u00e9volution de Novembre et comptait parmi les moudjahidine de premi\u00e8re heure, connus pour leur h\u00e9ro\u00efsme et leur haut sens de sacrifice et de don de soi\u00bb.<br \/>\u00a0\u00abLa terre pure d&rsquo;Alg\u00e9rie impr\u00e9gn\u00e9e du sang des chouhada accueillera la d\u00e9pouille d&rsquo;un grand homme, un h\u00e9ros de la R\u00e9volution de Novembre vient de rejoindre ses compagnons d&rsquo;armes, chouhada et moudjahidine, dont la m\u00e9moire demeurera \u00e0 jamais vivace dans les c\u0153urs et les esprits des g\u00e9n\u00e9rations montantes\u00bb, a \u00e9crit M. Goudjil dans son message de condol\u00e9ances.<br \/>Le pr\u00e9sident de l&rsquo;Assembl\u00e9e populaire nationale, Slimane Chenine, a pr\u00e9sent\u00e9, \u00e9galement, ses condol\u00e9ances \u00e0 la famille du moudjahid, membre du Groupe historique des 22, feu Abdelkader Lamoudi.<br \/>\u00abAvec cette disparition, l&rsquo;Alg\u00e9rie vient de perdre l&rsquo;un des symboles de la lutte nationale et des membres du Groupe historique des 22, artisans de la R\u00e9volution nationale et r\u00e9dacteurs de la D\u00e9claration du 1er Novembre 1954, ayant planifi\u00e9, avec minutie et d\u00e9vouement, le d\u00e9clenchement de la Glorieuse guerre de Lib\u00e9ration nationale\u00bb, \u00e9crit M. Chenine dans son message.<br \/>\u00abLe d\u00e9funt est rest\u00e9, tout au long de son parcours militant, attach\u00e9 aux principes, patriote dans l&rsquo;\u00e2me et r\u00e9solument engag\u00e9 sur la voie de la fid\u00e9lit\u00e9 aux sacrifices des Chouhada\u00bb, souligne le pr\u00e9sident de l&rsquo;APN.<br \/>Le ministre des Moudjahidine et des Ayants-droit, Tayeb Zitouni, a indiqu\u00e9, dans son message qu\u2019 \u00abavec la disparition de feu Abdelkader Lamoudi, l&rsquo;Alg\u00e9rie aura perdu une sommit\u00e9 de la trempe des hommes loyaux et fid\u00e8les \u00e0 la nation et \u00e0 la patrie, ayant vou\u00e9 leur vie au service de la lib\u00e9ration et l&rsquo;\u00e9dification d&rsquo;une Alg\u00e9rie ind\u00e9pendante\u00bb.<\/p>\n<p>Auteur: elmoudjahid<br \/>\n<a href=\"http:\/\/www.elmoudjahid.com\/fr\/actualites\/152833\">Cliquez ici pour lire l&rsquo;article depuis sa source.<\/a><\/p>\n","protected":false},"excerpt":{"rendered":"<p>Le moudjahid Abdelkader Lamoudi, l&rsquo;un des derniers membres du Groupe historique des 22, d\u00e9c\u00e9d\u00e9 lundi \u00e0 l&rsquo;\u00e2ge de 95 ans, a \u00e9t\u00e9 inhum\u00e9 hier apr\u00e8s la pri\u00e8re de Dohr, au cimeti\u00e8re d&rsquo;El-Alia, \u00e0 Alger.Les fun\u00e9railles se sont d\u00e9roul\u00e9es en pr\u00e9sence notamment du pr\u00e9sident du Conseil de la nation par int\u00e9rim, Salah Goudjil, du pr\u00e9sident de [&hellip;]<\/p>\n","protected":false},"author":1744,"featured_media":0,"comment_status":"closed","ping_status":"closed","sticky":false,"template":"","format":"standard","meta":{"fifu_image_url":"","fifu_image_alt":"","footnotes":""},"categories":[73,53],"tags":[],"class_list":["post-84408","post","type-post","status-publish","format-standard","hentry","category-actualite","category-algerie"],"_links":{"self":[{"href":"https:\/\/linitiative.ca\/International\/wp-json\/wp\/v2\/posts\/84408","targetHints":{"allow":["GET"]}}],"collection":[{"href":"https:\/\/linitiative.ca\/International\/wp-json\/wp\/v2\/posts"}],"about":[{"href":"https:\/\/linitiative.ca\/International\/wp-json\/wp\/v2\/types\/post"}],"author":[{"embeddable":true,"href":"https:\/\/linitiative.ca\/International\/wp-json\/wp\/v2\/users\/1744"}],"replies":[{"embeddable":true,"href":"https:\/\/linitiative.ca\/International\/wp-json\/wp\/v2\/comments?post=84408"}],"version-history":[{"count":0,"href":"https:\/\/linitiative.ca\/International\/wp-json\/wp\/v2\/posts\/84408\/revisions"}],"wp:attachment":[{"href":"https:\/\/linitiative.ca\/International\/wp-json\/wp\/v2\/media?parent=84408"}],"wp:term":[{"taxonomy":"category","embeddable":true,"href":"https:\/\/linitiative.ca\/International\/wp-json\/wp\/v2\/categories?post=84408"},{"taxonomy":"post_tag","embeddable":true,"href":"https:\/\/linitiative.ca\/International\/wp-json\/wp\/v2\/tags?post=84408"}],"curies":[{"name":"wp","href":"https:\/\/api.w.org\/{rel}","templated":true}]}}