{"id":84412,"date":"2020-05-05T15:18:42","date_gmt":"2020-05-05T19:18:42","guid":{"rendered":"https:\/\/linitiative.ca\/International\/tous-trois-promoteurs-immobiliers-djamel-seridj-et-ses-deux-freres-sous-mandat-de-depot\/"},"modified":"2020-05-05T15:18:42","modified_gmt":"2020-05-05T19:18:42","slug":"tous-trois-promoteurs-immobiliers-djamel-seridj-et-ses-deux-freres-sous-mandat-de-depot","status":"publish","type":"post","link":"https:\/\/linitiative.ca\/International\/tous-trois-promoteurs-immobiliers-djamel-seridj-et-ses-deux-freres-sous-mandat-de-depot\/","title":{"rendered":"Tous trois promoteurs immobiliers : Djamel Seridj et ses deux fr\u00e8res sous mandat de d\u00e9p\u00f4t"},"content":{"rendered":"<div class=\"TxArtcile\" readability=\"31\">\n<p>L\u2019homme d\u2019affaires Djamel Seridj, promoteur immobilier, a \u00e9t\u00e9 mis en d\u00e9tention provisoire avec deux de ses fr\u00e8res, Tarek et Mohamed, associ\u00e9s et g\u00e9rants de coop\u00e9ratives immobili\u00e8res, alors que trois cadres poursuivis dans le m\u00eame dossier ont \u00e9t\u00e9 plac\u00e9s sous contr\u00f4le judiciaire, a-t-on appris de source judiciaire, dont l\u2019ex-P-DG de la BEA.<br \/>Six personnes ont \u00e9t\u00e9 d\u00e9f\u00e9r\u00e9es lundi devant le juge d\u2019instruction pr\u00e8s le tribunal de Sidi M\u2019hamed, suite \u00e0 une enqu\u00eate pr\u00e9liminaire diligent\u00e9e par la section de recherches de la Gendarmerie nationale d&rsquo;Alger sur instruction du procureur de la R\u00e9publique pr\u00e8s ce tribunal.<br \/>Ainsi, apr\u00e8s avoir \u00e9t\u00e9 entendus sur les faits qui leur sont imput\u00e9s, le procureur de la R\u00e9publique a transmis le dossier de l&rsquo;instance au juge d&rsquo;instruction pr\u00e8s le m\u00eame tribunal qui a mis en accusation notamment l\u2019homme d\u2019affaires et ses trois fr\u00e8res.\u00a0 Il s&rsquo;agit notamment de crimes li\u00e9s au blanchiment d&rsquo;argent, transfert de fonds \u00e0 l\u2019\u00e9tranger, participation \u00e0 la dilapidation et \u00e0 l&rsquo;utilisation de fonds de banque, incitation d&rsquo;agents publics \u00e0 exploiter leur influence r\u00e9elle et suppos\u00e9e dans le but de b\u00e9n\u00e9ficier d&rsquo;indus privil\u00e8ges, b\u00e9n\u00e9fice du pouvoir et de l&rsquo;influence des agents de l&rsquo;Etat.<br \/>Le juge d\u2019instruction, apr\u00e8s avoir entendu les pr\u00e9venus lors de la premi\u00e8re comparution, a d\u00e9cid\u00e9 de placer en d\u00e9tention provisoire Djamel Seridj et ses deux fr\u00e8res Tarek et Mohamed alors que le quatri\u00e8me fr\u00e8re Madjid, \u00e9galement promoteur immobilier, a \u00e9t\u00e9 plac\u00e9 sous contr\u00f4le judiciaire. La m\u00eame mesure a \u00e9t\u00e9 prise \u00e0 l\u2019encontre de B.S, ex-P-DG de la BEA et Amina S. cadre dans la m\u00eame banque.<br \/>L\u2019enqu\u00eate a port\u00e9 sur les avantages indus<br \/>dont ont b\u00e9n\u00e9fici\u00e9 les mis en cause,<br \/>notamment des assiettes de terrains strat\u00e9giques mais aussi des cr\u00e9dits bancaires faramineux, apr\u00e8s avoir pr\u00e9sent\u00e9 une estimation<br \/>d\u00e9mesur\u00e9e de leurs projets dans des quartiers r\u00e9sidentiels de la capitale notamment. Il s\u2019agit du deuxi\u00e8me dossier lourd dans le cadre des enqu\u00eates sur les promotions immobili\u00e8res apr\u00e8s celui de l\u2019homme d\u2019affaires Kamel Chikhi alias<br \/>\u00ab El Bouchi \u00bb.<br \/>Neila Benrahal<br \/>\u00a0<\/p>\n<\/div>\n<div class=\"ModliArtilUne\">\n<ul>\n<li><strong>Publi\u00e9 dans :<\/strong><\/li>\n<\/ul>\n<\/div>\n<div class=\"MbComIns\" id=\"newcom\" readability=\"5.6940298507463\">\n<h6>DONNEZ VOTRE AVIS<\/h6>\n<p>Il n&rsquo;y a actuellement aucune r\u00e9action \u00e0 cette information. Soyez le premier \u00e0 r\u00e9agir !<\/p>\n<p><a href=\"\" rel=\"#popup\" class=\"login resetbutton\">Identifiez-vous<\/a><a class=\"button\" href=\"http:\/\/www.elmoudjahid.com\/fr\/inscription\/\"><span>S&rsquo;inscrire<\/span><\/a><\/p>\n<\/div>\n<p>Auteur: elmoudjahid<br \/>\n<a href=\"http:\/\/www.elmoudjahid.com\/fr\/actualites\/152837\">Cliquez ici pour lire l&rsquo;article depuis sa source.<\/a><\/p>\n","protected":false},"excerpt":{"rendered":"<p>L\u2019homme d\u2019affaires Djamel Seridj, promoteur immobilier, a \u00e9t\u00e9 mis en d\u00e9tention provisoire avec deux de ses fr\u00e8res, Tarek et Mohamed, associ\u00e9s et g\u00e9rants de coop\u00e9ratives immobili\u00e8res, alors que trois cadres poursuivis dans le m\u00eame dossier ont \u00e9t\u00e9 plac\u00e9s sous contr\u00f4le judiciaire, a-t-on appris de source judiciaire, dont l\u2019ex-P-DG de la BEA.Six personnes ont \u00e9t\u00e9 d\u00e9f\u00e9r\u00e9es [&hellip;]<\/p>\n","protected":false},"author":1744,"featured_media":0,"comment_status":"closed","ping_status":"closed","sticky":false,"template":"","format":"standard","meta":{"fifu_image_url":"","fifu_image_alt":"","footnotes":""},"categories":[73,53],"tags":[],"class_list":["post-84412","post","type-post","status-publish","format-standard","hentry","category-actualite","category-algerie"],"_links":{"self":[{"href":"https:\/\/linitiative.ca\/International\/wp-json\/wp\/v2\/posts\/84412","targetHints":{"allow":["GET"]}}],"collection":[{"href":"https:\/\/linitiative.ca\/International\/wp-json\/wp\/v2\/posts"}],"about":[{"href":"https:\/\/linitiative.ca\/International\/wp-json\/wp\/v2\/types\/post"}],"author":[{"embeddable":true,"href":"https:\/\/linitiative.ca\/International\/wp-json\/wp\/v2\/users\/1744"}],"replies":[{"embeddable":true,"href":"https:\/\/linitiative.ca\/International\/wp-json\/wp\/v2\/comments?post=84412"}],"version-history":[{"count":0,"href":"https:\/\/linitiative.ca\/International\/wp-json\/wp\/v2\/posts\/84412\/revisions"}],"wp:attachment":[{"href":"https:\/\/linitiative.ca\/International\/wp-json\/wp\/v2\/media?parent=84412"}],"wp:term":[{"taxonomy":"category","embeddable":true,"href":"https:\/\/linitiative.ca\/International\/wp-json\/wp\/v2\/categories?post=84412"},{"taxonomy":"post_tag","embeddable":true,"href":"https:\/\/linitiative.ca\/International\/wp-json\/wp\/v2\/tags?post=84412"}],"curies":[{"name":"wp","href":"https:\/\/api.w.org\/{rel}","templated":true}]}}