{"id":84413,"date":"2020-05-05T12:20:06","date_gmt":"2020-05-05T16:20:06","guid":{"rendered":"https:\/\/linitiative.ca\/International\/104734-judo-les-championnats-d-afrique-reprogrammes-en-novembre-et-decembre-prochains\/"},"modified":"2020-05-05T12:20:06","modified_gmt":"2020-05-05T16:20:06","slug":"104734-judo-les-championnats-d-afrique-reprogrammes-en-novembre-et-decembre-prochains","status":"publish","type":"post","link":"https:\/\/linitiative.ca\/International\/104734-judo-les-championnats-d-afrique-reprogrammes-en-novembre-et-decembre-prochains\/","title":{"rendered":"Judo: les Championnats d\u2019Afrique reprogramm\u00e9s en novembre et d\u00e9cembre prochains"},"content":{"rendered":"<div readability=\"38\">\n<p><strong>ALGER- Les Championnats d\u2019Afrique de judo (messieurs et dames), qualificatifs aux Jeux Olympiques de Tokyo-2020, auront lieu en novembre et d\u00e9cembre prochains au Maroc, a-t-on appris mardi du 1er\u00a0vice-pr\u00e9sident de l\u2019Union africaine de judo (UAJ), l\u2019Alg\u00e9rien Mohamed Meridja.<\/strong><\/p>\n<\/div>\n<div readability=\"60\">\n<p>\u00ab\u00a0On a d\u00e9cid\u00e9 de reprogrammer les Championnats d\u2019Afrique individuel et par \u00e9quipes du 28 novembre au 1er d\u00e9cembre prochains au Maroc\u00a0\u00bb, a indiqu\u00e9 \u00e0 l\u2019APS Meridja.<\/p>\n<p>La comp\u00e9tition \u00e9tait initialement programm\u00e9e du 25 au 27 juin dans le m\u00eame pays, mais avait \u00e9t\u00e9 report\u00e9e en raison de la pand\u00e9mie de coronavirus (Covid-19).<\/p>\n<blockquote readability=\"8\">\n<p><em><strong>\u00ab\u00a0Ce rendez-vous est tr\u00e8s important puisqu\u2019il permettra aux athl\u00e8tes participants d\u2019engranger beaucoup de points en vue d\u2019am\u00e9liorer leur position au classement de qualification olympique \u00e0 Tokyo\u00a0\u00bb, a expliqu\u00e9 le\u00a0responsable du volet technique au niveau de l&rsquo;UAJ.<\/strong><\/em><\/p>\n<\/blockquote>\n<p>Outre cette comp\u00e9tition, les athl\u00e8tes africains auront encore une occasion de remporter des points en pr\u00e9vision d\u2019une qualification aux joutes olympiques, \u00e0 l&rsquo;occasion des deux tournois continentaux de Dakar et Yaound\u00e9.<\/p>\n<blockquote readability=\"10\">\n<p><em><strong>Ce sont des comp\u00e9titions \u00ab\u00a0aussi importantes\u00a0\u00bb qui \u00e9taient programm\u00e9es pour les 7-8 novembre\u00a0 \u00e0 Yaound\u00e9, puis les 14-15 du m\u00eame mois \u00e0 Dakar, mais leurs nouvelles dates n\u2019ont pas \u00e9t\u00e9 encore fix\u00e9es, a pr\u00e9cis\u00e9 Mohamed Meridja.<\/strong><\/em><\/p>\n<\/blockquote>\n<p>Autre d\u00e9cision de l\u2019UAJ, la reprogrammation des Championnats d&rsquo;Afrique cadets et juniors (filles et gar\u00e7ons) de Tunisie : \u00ab\u00a0Initialement pr\u00e9vus du 7 au 10 septembre, ils ont \u00e9t\u00e9 report\u00e9s jusqu\u2019\u00e0 la fin septembre, d\u00e9but octobre. Pour le reste des \u00e9v\u00e9nements, tout a \u00e9t\u00e9 annul\u00e9 jusqu\u2019\u00e0 nouvel ordre\u00a0\u00bb, selon le membre du bureau ex\u00e9cutif de la F\u00e9d\u00e9ration internationale de judo.<\/p>\n<\/div>\n<p>Auteur:<br \/>\n<a href=\"http:\/\/www.aps.dz\/sport\/104734-judo-les-championnats-d-afrique-reprogrammes-en-novembre-et-decembre-prochains?utm_source=feedburner&#038;utm_medium=feed&#038;utm_campaign=Feed%3A+aps-sport+%28APS+-+SPORT%29\">Cliquez ici pour lire l&rsquo;article depuis sa source.<\/a><\/p>\n","protected":false},"excerpt":{"rendered":"<p>ALGER- Les Championnats d\u2019Afrique de judo (messieurs et dames), qualificatifs aux Jeux Olympiques de Tokyo-2020, auront lieu en novembre et d\u00e9cembre prochains au Maroc, a-t-on appris mardi du 1er\u00a0vice-pr\u00e9sident de l\u2019Union africaine de judo (UAJ), l\u2019Alg\u00e9rien Mohamed Meridja. \u00ab\u00a0On a d\u00e9cid\u00e9 de reprogrammer les Championnats d\u2019Afrique individuel et par \u00e9quipes du 28 novembre au 1er [&hellip;]<\/p>\n","protected":false},"author":1790,"featured_media":0,"comment_status":"closed","ping_status":"closed","sticky":false,"template":"","format":"standard","meta":{"fifu_image_url":"","fifu_image_alt":"","footnotes":""},"categories":[53,75],"tags":[],"class_list":["post-84413","post","type-post","status-publish","format-standard","hentry","category-algerie","category-sport"],"_links":{"self":[{"href":"https:\/\/linitiative.ca\/International\/wp-json\/wp\/v2\/posts\/84413","targetHints":{"allow":["GET"]}}],"collection":[{"href":"https:\/\/linitiative.ca\/International\/wp-json\/wp\/v2\/posts"}],"about":[{"href":"https:\/\/linitiative.ca\/International\/wp-json\/wp\/v2\/types\/post"}],"author":[{"embeddable":true,"href":"https:\/\/linitiative.ca\/International\/wp-json\/wp\/v2\/users\/1790"}],"replies":[{"embeddable":true,"href":"https:\/\/linitiative.ca\/International\/wp-json\/wp\/v2\/comments?post=84413"}],"version-history":[{"count":0,"href":"https:\/\/linitiative.ca\/International\/wp-json\/wp\/v2\/posts\/84413\/revisions"}],"wp:attachment":[{"href":"https:\/\/linitiative.ca\/International\/wp-json\/wp\/v2\/media?parent=84413"}],"wp:term":[{"taxonomy":"category","embeddable":true,"href":"https:\/\/linitiative.ca\/International\/wp-json\/wp\/v2\/categories?post=84413"},{"taxonomy":"post_tag","embeddable":true,"href":"https:\/\/linitiative.ca\/International\/wp-json\/wp\/v2\/tags?post=84413"}],"curies":[{"name":"wp","href":"https:\/\/api.w.org\/{rel}","templated":true}]}}