{"id":84417,"date":"2020-05-05T13:32:00","date_gmt":"2020-05-05T17:32:00","guid":{"rendered":"https:\/\/linitiative.ca\/International\/ooredoo-algerie-citee-dans-un-nouveau-scandale\/"},"modified":"2020-05-05T13:32:00","modified_gmt":"2020-05-05T17:32:00","slug":"ooredoo-algerie-citee-dans-un-nouveau-scandale","status":"publish","type":"post","link":"https:\/\/linitiative.ca\/International\/ooredoo-algerie-citee-dans-un-nouveau-scandale\/","title":{"rendered":"Ooredoo Alg\u00e9rie cit\u00e9e  dans un nouveau scandale !"},"content":{"rendered":"<p><br id=\"sep_para_1\" class=\"sep_para access\"\/><\/p>\n<div id=\"para_1\" class=\"para_36806450 resize\">\n<div class=\"texte access firstletter\">Ooredoo Alg\u00e9rie a \u00e9t\u00e9 \u00e9pingl\u00e9e, au m\u00eame titre que la filiale tunisienne, par l\u2019autorit\u00e9 kowe\u00eftienne des march\u00e9s des capitaux, sur les b\u00e2timents qui n\u2019ont pas \u00e9t\u00e9 \u00e9valu\u00e9s dans les actifs du groupe, rapporte le site Bourse-dz. En effet, selon la m\u00eame source, ces actifs qui auraient du \u00eatre port\u00e9 dans le poste des \u00ab immobilisations corporelles \u00bb ont \u00e9t\u00e9 omis par les dirigeants de Ooredoo en Alg\u00e9rie et en Tunisie et ont provoqu\u00e9 la pr\u00e9sentation, jeudi dernier, de la soci\u00e9t\u00e9-m\u00e8re, Wataniyia T\u00e9l\u00e9com devant un conseil de discipline compos\u00e9 par l\u2019autorit\u00e9 des\u00a0 des march\u00e9s des capitaux \u00e0 Koweit City. Ces actifs omis d\u2019\u00e9valuation repr\u00e9sentent un\u00a0 terrain en Tunisie et un b\u00e2timent en Alg\u00e9rie, d\u2019une valeur de 2,04 milliards de dinars. \u00ab L\u2019Autorit\u00e9 des march\u00e9s des capitaux a annonc\u00e9 la d\u00e9cision du conseil de discipline lors de sa r\u00e9union tenue le jeudi, dans la violation enregistr\u00e9e dans le num\u00e9ro (17\/2020 Disciplinary Board) (02\/2020) contre: Wataniya T\u00e9l\u00e9com, \u00bb a annonc\u00e9 l\u2019autorit\u00e9 kowe\u00eftienne des march\u00e9s des capitaux.<\/div>\n<\/div>\n<p>Auteur: R\u00e9flexion<br \/>\n<a href=\"https:\/\/www.reflexiondz.net\/Ooredoo-Algerie-citee-dans-un-nouveau-scandale-_a62521.html\">Cliquez ici pour lire l&rsquo;article depuis sa source.<\/a><\/p>\n","protected":false},"excerpt":{"rendered":"<p>Ooredoo Alg\u00e9rie a \u00e9t\u00e9 \u00e9pingl\u00e9e, au m\u00eame titre que la filiale tunisienne, par l\u2019autorit\u00e9 kowe\u00eftienne des march\u00e9s des capitaux, sur les b\u00e2timents qui n\u2019ont pas \u00e9t\u00e9 \u00e9valu\u00e9s dans les actifs du groupe, rapporte le site Bourse-dz. En effet, selon la m\u00eame source, ces actifs qui auraient du \u00eatre port\u00e9 dans le poste des \u00ab immobilisations [&hellip;]<\/p>\n","protected":false},"author":1740,"featured_media":0,"comment_status":"closed","ping_status":"closed","sticky":false,"template":"","format":"standard","meta":{"fifu_image_url":"","fifu_image_alt":"","footnotes":""},"categories":[53,76],"tags":[],"class_list":["post-84417","post","type-post","status-publish","format-standard","hentry","category-algerie","category-regions"],"_links":{"self":[{"href":"https:\/\/linitiative.ca\/International\/wp-json\/wp\/v2\/posts\/84417","targetHints":{"allow":["GET"]}}],"collection":[{"href":"https:\/\/linitiative.ca\/International\/wp-json\/wp\/v2\/posts"}],"about":[{"href":"https:\/\/linitiative.ca\/International\/wp-json\/wp\/v2\/types\/post"}],"author":[{"embeddable":true,"href":"https:\/\/linitiative.ca\/International\/wp-json\/wp\/v2\/users\/1740"}],"replies":[{"embeddable":true,"href":"https:\/\/linitiative.ca\/International\/wp-json\/wp\/v2\/comments?post=84417"}],"version-history":[{"count":0,"href":"https:\/\/linitiative.ca\/International\/wp-json\/wp\/v2\/posts\/84417\/revisions"}],"wp:attachment":[{"href":"https:\/\/linitiative.ca\/International\/wp-json\/wp\/v2\/media?parent=84417"}],"wp:term":[{"taxonomy":"category","embeddable":true,"href":"https:\/\/linitiative.ca\/International\/wp-json\/wp\/v2\/categories?post=84417"},{"taxonomy":"post_tag","embeddable":true,"href":"https:\/\/linitiative.ca\/International\/wp-json\/wp\/v2\/tags?post=84417"}],"curies":[{"name":"wp","href":"https:\/\/api.w.org\/{rel}","templated":true}]}}