{"id":84418,"date":"2020-05-05T14:49:00","date_gmt":"2020-05-05T18:49:00","guid":{"rendered":"https:\/\/linitiative.ca\/International\/coronavirus-un-quart-de-million-de-morts-dans-le-monde\/"},"modified":"2020-05-05T14:49:00","modified_gmt":"2020-05-05T18:49:00","slug":"coronavirus-un-quart-de-million-de-morts-dans-le-monde","status":"publish","type":"post","link":"https:\/\/linitiative.ca\/International\/coronavirus-un-quart-de-million-de-morts-dans-le-monde\/","title":{"rendered":"CORONAVIRUS ; Un quart de million de morts dans le Monde"},"content":{"rendered":"<p><br id=\"sep_para_1\" class=\"sep_para access\"\/><\/p>\n<div id=\"para_1\" class=\"para_36807516 resize\">\n<div class=\"photo shadow left\"><a href=\"javascript:void(0)\" rel=\"https:\/\/www.reflexiondz.net\/photo\/art\/grande\/45742367-36807516.jpg?v=1588705846&amp;ibox\" title=\"CORONAVIRUS ; Un quart de million de morts dans le Monde\"><img decoding=\"async\" class=\"responsive c9\" src=\"https:\/\/www.reflexiondz.net\/photo\/art\/grande\/45742367-36807516.jpg?v=1588705846\" alt=\"CORONAVIRUS ; Un quart de million de morts dans le Monde\" title=\"CORONAVIRUS ; Un quart de million de morts dans le Monde\"\/><img decoding=\"async\" class=\"not-responsive\" src=\"https:\/\/www.reflexiondz.net\/photo\/art\/default\/45742367-36807516.jpg?v=1588705847\" alt=\"CORONAVIRUS ; Un quart de million de morts dans le Monde\" title=\"CORONAVIRUS ; Un quart de million de morts dans le Monde\"\/><\/a><\/div>\n<div class=\"texte access firstletter\">Le bilan des d\u00e9c\u00e8s quotidiens a bien diminu\u00e9 ces derniers jours en Europe, poussant les autorit\u00e9s \u00e0 assouplir certaines mesures de confinement. Avec n\u00e9anmoins le maintien des gestes-barri\u00e8re et de nouvelles contraintes comme l&rsquo;obligation du port du masque dans les transports en commun, voire les boutiques et lieux publics. Pour \u00e9viter une seconde vague de contamination. Aux Etats-Unis \u00e9galement, certains Etats ont d\u00e9cid\u00e9 de lever le confinement. Le bilan quotidien des d\u00e9c\u00e8s a certes \u00e9t\u00e9 lundi le plus bas depuis d\u00e9but avril, avec 1.015 personnes ayant succomb\u00e9 au Covid-19 en 24 heures, mais le tableau s&rsquo;annonce particuli\u00e8rement sombre. Pays le plus touch\u00e9 au monde avec plus de 68.000 morts \u00e0 ce stade, les Etats-Unis devraient probablement d\u00e9passer les 100.000 d\u00e9c\u00e8s d\u00e8s le mois de juin, selon plusieurs mod\u00e8les \u00e9pid\u00e9miologiques qui ne pr\u00e9disent pas d&rsquo;arr\u00eat soudain des contagions pendant l&rsquo;\u00e9t\u00e9. L&rsquo;un des grands mod\u00e8les de la pand\u00e9mie, celui de l&rsquo;Institute for Health Metrics and Evaluation (IHME), a fortement revu \u00e0 la hausse lundi sa pr\u00e9vision de d\u00e9c\u00e8s caus\u00e9s par le nouveau coronavirus de 72.000 \u00e0 pr\u00e8s de 135.000 morts d&rsquo;ici le 4 ao\u00fbt, en raison d&rsquo;un d\u00e9confinement pr\u00e9matur\u00e9 dans certaines r\u00e9gions du pays. Le pr\u00e9sident am\u00e9ricain Donald Trump a lui-m\u00eame reconnu dimanche que son pays allait \u00ab\u00a0perdre 75.000, 80.000 ou 100.000 personnes\u00a0\u00bb. Selon la pr\u00e9sidente de la Commission europ\u00e9enne Ursula von der Leyen, la d\u00e9couverte d&rsquo;un vaccin est \u00ab\u00a0notre meilleure chance collective de vaincre le virus\u00a0\u00bb. \u00ab\u00a0Nous devons le d\u00e9velopper, le produire et le d\u00e9ployer dans tous les coins du monde, \u00e0 des prix abordables\u00a0\u00bb, a ajout\u00e9 celle qui est \u00e0 l&rsquo;origine d&rsquo;une conf\u00e9rence des donateurs. Ce t\u00e9l\u00e9thon plan\u00e9taire organis\u00e9 en ligne a permis de lever 7,4 milliards d&rsquo;euros pour financer la recherche sur un vaccin. L&rsquo;Organisation mondiale de la sant\u00e9 (OMS) partage la position de la dirigeante europ\u00e9enne, \u00e0 savoir que seule la d\u00e9couverte d&rsquo;un vaccin ou d&rsquo;un rem\u00e8de permettra de mettre fin \u00e0 la pand\u00e9mie qui a contraint plusieurs milliards de Terriens \u00e0 rester enferm\u00e9s chez eux pendant plusieurs semaines, et qui paralyse l&rsquo;\u00e9conomie mondiale.<\/div>\n<\/div>\n<p>Auteur: Ismain<br \/>\n<a href=\"https:\/\/www.reflexiondz.net\/CORONAVIRUS--Un-quart-de-million-de-morts-dans-le-Monde_a62522.html\">Cliquez ici pour lire l&rsquo;article depuis sa source.<\/a><\/p>\n","protected":false},"excerpt":{"rendered":"<p>Le bilan des d\u00e9c\u00e8s quotidiens a bien diminu\u00e9 ces derniers jours en Europe, poussant les autorit\u00e9s \u00e0 assouplir certaines mesures de confinement. Avec n\u00e9anmoins le maintien des gestes-barri\u00e8re et de nouvelles contraintes comme l&rsquo;obligation du port du masque dans les transports en commun, voire les boutiques et lieux publics. Pour \u00e9viter une seconde vague de [&hellip;]<\/p>\n","protected":false},"author":1740,"featured_media":0,"comment_status":"closed","ping_status":"closed","sticky":false,"template":"","format":"standard","meta":{"fifu_image_url":"","fifu_image_alt":"","footnotes":""},"categories":[53,76],"tags":[],"class_list":["post-84418","post","type-post","status-publish","format-standard","hentry","category-algerie","category-regions"],"_links":{"self":[{"href":"https:\/\/linitiative.ca\/International\/wp-json\/wp\/v2\/posts\/84418","targetHints":{"allow":["GET"]}}],"collection":[{"href":"https:\/\/linitiative.ca\/International\/wp-json\/wp\/v2\/posts"}],"about":[{"href":"https:\/\/linitiative.ca\/International\/wp-json\/wp\/v2\/types\/post"}],"author":[{"embeddable":true,"href":"https:\/\/linitiative.ca\/International\/wp-json\/wp\/v2\/users\/1740"}],"replies":[{"embeddable":true,"href":"https:\/\/linitiative.ca\/International\/wp-json\/wp\/v2\/comments?post=84418"}],"version-history":[{"count":0,"href":"https:\/\/linitiative.ca\/International\/wp-json\/wp\/v2\/posts\/84418\/revisions"}],"wp:attachment":[{"href":"https:\/\/linitiative.ca\/International\/wp-json\/wp\/v2\/media?parent=84418"}],"wp:term":[{"taxonomy":"category","embeddable":true,"href":"https:\/\/linitiative.ca\/International\/wp-json\/wp\/v2\/categories?post=84418"},{"taxonomy":"post_tag","embeddable":true,"href":"https:\/\/linitiative.ca\/International\/wp-json\/wp\/v2\/tags?post=84418"}],"curies":[{"name":"wp","href":"https:\/\/api.w.org\/{rel}","templated":true}]}}