{"id":84425,"date":"2020-05-05T10:20:00","date_gmt":"2020-05-05T14:20:00","guid":{"rendered":"https:\/\/linitiative.ca\/International\/pr-mohamed-samir-boubaker\/"},"modified":"2020-05-05T10:20:00","modified_gmt":"2020-05-05T14:20:00","slug":"pr-mohamed-samir-boubaker","status":"publish","type":"post","link":"https:\/\/linitiative.ca\/International\/pr-mohamed-samir-boubaker\/","title":{"rendered":"Pr Mohamed Samir Boubaker"},"content":{"rendered":"<p>Pr Mohamed Samir Boubaker est Professeur \u00e0 la facult\u00e9 de M\u00e9decine de Tunis, chef de service du Laboratoire d\u2019Anatomie Pathologique et Coordinateur du Projet Oncog\u00e9n\u00e9tique du Laboratoire de Recherche G\u00e9nomique Biom\u00e9dicale et Oncog\u00e9n\u00e9tique \u00e0 l\u2019Institut Pasteur de Tunis.<\/p>\n<p>Il est Pr\u00e9sident du Comit\u00e9 d\u2019Ethique Biom\u00e9dicale de l\u2019Institut Pasteur de Tunis et membre du Groupe d\u2019experts charg\u00e9 de l\u2019\u00e9laboration de la Charte Arabe de l\u2019Ethique des sciences et des applications des technologies. Il dirige \u00e0 l\u2019Institut Pasteur de Tunis, le Centre R\u00e9gional de Formation TDR-OMS pour la R\u00e9gion M\u00e9diterran\u00e9e orientale, consacr\u00e9 aux bonnes pratiques et \u00e0 l\u2019\u00e9thique dans les recherches en sant\u00e9.<\/p>\n<p>Pr S. Boubaker a assur\u00e9 diverses fonctions et responsabilit\u00e9s \u00e0 la Facult\u00e9 de m\u00e9decine de Tunis, au Conseil Scientifique Arabe de Pathologie et \u00e0 la Division arabe de l\u2019Acad\u00e9mie Internationale de Pathologie.<\/p>\n<p>Auteur:<br \/>\n<a href=\"https:\/\/www.leaders.com.tn\/article\/29850-pr-mohamed-samir-boubaker\">Cliquez ici pour lire l&rsquo;article depuis sa source.<\/a><\/p>\n","protected":false},"excerpt":{"rendered":"<p>Pr Mohamed Samir Boubaker est Professeur \u00e0 la facult\u00e9 de M\u00e9decine de Tunis, chef de service du Laboratoire d\u2019Anatomie Pathologique et Coordinateur du Projet Oncog\u00e9n\u00e9tique du Laboratoire de Recherche G\u00e9nomique Biom\u00e9dicale et Oncog\u00e9n\u00e9tique \u00e0 l\u2019Institut Pasteur de Tunis. Il est Pr\u00e9sident du Comit\u00e9 d\u2019Ethique Biom\u00e9dicale de l\u2019Institut Pasteur de Tunis et membre du Groupe d\u2019experts [&hellip;]<\/p>\n","protected":false},"author":1772,"featured_media":0,"comment_status":"closed","ping_status":"closed","sticky":false,"template":"","format":"standard","meta":{"fifu_image_url":"","fifu_image_alt":"","footnotes":""},"categories":[73,55],"tags":[],"class_list":["post-84425","post","type-post","status-publish","format-standard","hentry","category-actualite","category-tunisie"],"_links":{"self":[{"href":"https:\/\/linitiative.ca\/International\/wp-json\/wp\/v2\/posts\/84425","targetHints":{"allow":["GET"]}}],"collection":[{"href":"https:\/\/linitiative.ca\/International\/wp-json\/wp\/v2\/posts"}],"about":[{"href":"https:\/\/linitiative.ca\/International\/wp-json\/wp\/v2\/types\/post"}],"author":[{"embeddable":true,"href":"https:\/\/linitiative.ca\/International\/wp-json\/wp\/v2\/users\/1772"}],"replies":[{"embeddable":true,"href":"https:\/\/linitiative.ca\/International\/wp-json\/wp\/v2\/comments?post=84425"}],"version-history":[{"count":0,"href":"https:\/\/linitiative.ca\/International\/wp-json\/wp\/v2\/posts\/84425\/revisions"}],"wp:attachment":[{"href":"https:\/\/linitiative.ca\/International\/wp-json\/wp\/v2\/media?parent=84425"}],"wp:term":[{"taxonomy":"category","embeddable":true,"href":"https:\/\/linitiative.ca\/International\/wp-json\/wp\/v2\/categories?post=84425"},{"taxonomy":"post_tag","embeddable":true,"href":"https:\/\/linitiative.ca\/International\/wp-json\/wp\/v2\/tags?post=84425"}],"curies":[{"name":"wp","href":"https:\/\/api.w.org\/{rel}","templated":true}]}}