{"id":84427,"date":"2020-05-05T11:37:00","date_gmt":"2020-05-05T15:37:00","guid":{"rendered":"https:\/\/linitiative.ca\/International\/mohamed-kasdallah-militaire-as-tu-fait-ce-quil-fallait-pour-meriter-une-place-dans-la-societe\/"},"modified":"2020-05-05T11:37:00","modified_gmt":"2020-05-05T15:37:00","slug":"mohamed-kasdallah-militaire-as-tu-fait-ce-quil-fallait-pour-meriter-une-place-dans-la-societe","status":"publish","type":"post","link":"https:\/\/linitiative.ca\/International\/mohamed-kasdallah-militaire-as-tu-fait-ce-quil-fallait-pour-meriter-une-place-dans-la-societe\/","title":{"rendered":"Mohamed Kasdallah : Militaire, as-tu fait ce qu\u2019il fallait pour m\u00e9riter  une  place dans la soci\u00e9t\u00e9 ?"},"content":{"rendered":"<p>Sans pr\u00e9tendre \u00e0 l\u2019exhaustivit\u00e9, cette contribution se veut \u00eatre une invitation exclusive aux militaires de tout grade, toute sp\u00e9cialit\u00e9, jeunes et moins jeunes, d\u2019active ou \u00e0 la retraite, de s\u2019engager dans la vie publique qui n\u2019est autre qu\u2019une mani\u00e8re diff\u00e9rente mais concr\u00e8te de servir son pays et une contribution collective au rayonnement de l\u2019Arm\u00e9e. C\u2019est une question existentielle pour le militaire, celle de sa place dans la soci\u00e9t\u00e9.<\/p>\n<p>Car elle est au fond sa raison d\u2019\u00eatre: comment, une fois remis \u00e0 la vie civile civile, s\u2019\u00e9riger en d\u00e9fenseur intransigeant de son pays, en protecteur de ses citoyens, en garant de libert\u00e9 et de d\u00e9mocratie, au profit d\u2019une\u00a0 entit\u00e9 au sein de laquelle on n\u2019aurait pas su trouver sa place?<\/p>\n<p>Pour bien saisir de quoi veut-on traiter au juste, il faudra pr\u00e9ciser la signification donn\u00e9e aux mots soci\u00e9t\u00e9 et place. Doit-on opposer soci\u00e9t\u00e9 civile et soci\u00e9t\u00e9 militaire ? S\u2019il s\u2019agit de consid\u00e9rer la soci\u00e9t\u00e9 dans son ensemble, faut-il penser que le militaire puisse r\u00e9ellement y tenir une place \u00e0 part ?<br \/>La soci\u00e9t\u00e9 ce sont en fait tous les espaces des relations que l\u2019on peut entretenir \u00e0 l\u2019ext\u00e9rieur de l\u2019institution militaire. De la place du militaire parmi les \u00e9lites du pays, de son rang dans la fonction publique, de son influence aupr\u00e8s des m\u00e9dias, de ses relations avec le monde \u00e9ducatif, avec\u00a0 le monde administratif, le monde sportif\u2026etc.. Car la soci\u00e9t\u00e9 c\u2019est un peu tout cela.<\/p>\n<p>La place \u00e0 tenir\u00a0 par le militaire n\u2019est pas un d\u00fb; elle n\u2019est pas offerte; elle n\u2019est pas un droit; et elle nous est d\u2019ailleurs pas spontan\u00e9ment propos\u00e9e\u2026 Nous ne sommes pas attendus. Bien au contraire, nous sommes souvent marginalis\u00e9s, ni\u00e9s, \u00e9cras\u00e9s, annihil\u00e9s\u00a0 par un pouvoir public plus vorace que jamais. Et pourtant nous sommes toujours l\u00e0. Et ce sont nous qui sauvons la mise en temps de naufrage. Ce sont nous, oui, qui, en ce temps de pand\u00e9mie\u00a0 de coronavirus, faisons face au malheur. Tant pis pour nous si on chope le virus. N\u2019y-a-t-il pas un stupide responsable qui pensait que l\u2019enterrement des victimes du virus c\u2019est l\u2019affaire des militaires\u00a0 et non pas aux agents de la municipalit\u00e9?<\/p>\n<p>Pour revenir sur la place des militaires dans la soci\u00e9t\u00e9, dans notre soci\u00e9t\u00e9, je dirai que c\u2019est\u00a0 une place dont il faut savoir se saisir. Nous le savons bien, cette place, pouvant \u00eatre remise en cause au quotidien, est donc \u00e0 conqu\u00e9rir. C\u2019est une place qu\u2019il faut savoir revendiquer, en \u00e9tant en mesure de justifier de notre aptitude et de notre pr\u00e9tention \u00e0 l\u2019occuper. Nos savoir-faire et savoir-\u00eatre sont les clefs qui ouvrent les portes d\u2019une forme de reconnaissance, d\u2019acceptation. Elles ne sauraient \u00eatre suffisantes. La vraie cl\u00e9 est davantage celle de la volont\u00e9 et de la d\u00e9termination, celle de notre investissement personnel.<\/p>\n<p>\u00abMilitaire, as-tu fait ce qu\u2019il fallait pour tenir ta place, ton rang, ton r\u00f4le au sein de ta soci\u00e9t\u00e9?\u00bb<\/p>\n<p>Notre l\u00e9gitimit\u00e9 vis-\u00e0-vis de nos concitoyens se gagne tout au long de notre carri\u00e8re. C\u2019est\u00a0 pourquoi, il est demand\u00e9 \u00e0 nos camarades en activit\u00e9 de s\u2019y impliquer; il ne faut pas attendre le moment de la retraite pour le faire. Sans faire transgresser\u00a0 le r\u00e8glement en vigueur, cela\u00a0 va sans dire.<\/p>\n<p>Cette absurdit\u00e9 de nous \u00abconfiner\u00bb dans notre sph\u00e8re professionnelle et que l\u2019on a endur\u00e9 sa vie durant, doit disparaitre \u00e0 jamais. Personne ne voyait rien de bien et personne ne s\u2019en offusquait du mal qui se fait. Cons\u00e9quence : une fois l\u2019uniforme quitt\u00e9, l\u2019on se<br \/>Ne sommes-nous pas trop souvent tent\u00e9s par le repli sur soi, s\u2019isoler, rester confin\u00e9 chez soi, se retirer dans une lointaine campagne, cultiver notre potager et regarder grandir nos enfants et puis nos petits-enfants?<\/p>\n<p>Les militaires doivent finalement accepter une \u00e9vidence: il est de leur devoir de rester ambitieux pour leur pays et pour leurs concitoyens, en dehors de leur activit\u00e9 professionnelle; et de continuer \u00e0 l\u2019\u00eatre une fois la vie civile retrouv\u00e9e.Il existe de nombreuses opportunit\u00e9s, de nombreuses places \u00e0 occuper dans une soci\u00e9t\u00e9 \u00e0 laquelle nous continuons \u00e0 apporter des comp\u00e9tences, des connaissances, des valeurs, des convictions.<\/p>\n<p>Gardons-nous surtout de nous contenter du monde associatif \u00abmilitaire\u00bb qui, bien qu\u2019il soit n\u00e9cessaire, n\u2019est qu\u2019une extension de l\u2019institution militaire \u00e0 laquelle nous avons appartenu. C\u2019est ailleurs, au contact des forces vives de notre pays que nous devons chercher \u00e0 nous investir.<\/p>\n<p class=\"c2\"><strong>Mohamed Kasdallah<\/strong><br \/><em>Ancien Officier de l\u2019Arm\u00e9e Nationale<\/em><\/p>\n<p><span class=\"c3\"><em>NB : Dans la deuxi\u00e8me partie\u00a0 et en guise de t\u00e9moignage j\u2019\u00e9voquerai ma tr\u00e8s br\u00e8ve exp\u00e9rience politique en compagnie d\u2019une \u00e9quipe d\u2019anciens officiers.<\/em><\/span><\/p>\n<p>Auteur:<br \/>\n<a href=\"https:\/\/www.leaders.com.tn\/article\/29852-mohamed-kasdallah-militaire-as-tu-fait-ce-qu-il-fallait-pour-meriter-une-place-dans-la-societe\">Cliquez ici pour lire l&rsquo;article depuis sa source.<\/a><\/p>\n","protected":false},"excerpt":{"rendered":"<p>Sans pr\u00e9tendre \u00e0 l\u2019exhaustivit\u00e9, cette contribution se veut \u00eatre une invitation exclusive aux militaires de tout grade, toute sp\u00e9cialit\u00e9, jeunes et moins jeunes, d\u2019active ou \u00e0 la retraite, de s\u2019engager dans la vie publique qui n\u2019est autre qu\u2019une mani\u00e8re diff\u00e9rente mais concr\u00e8te de servir son pays et une contribution collective au rayonnement de l\u2019Arm\u00e9e. C\u2019est [&hellip;]<\/p>\n","protected":false},"author":1772,"featured_media":0,"comment_status":"closed","ping_status":"closed","sticky":false,"template":"","format":"standard","meta":{"fifu_image_url":"","fifu_image_alt":"","footnotes":""},"categories":[73,55],"tags":[],"class_list":["post-84427","post","type-post","status-publish","format-standard","hentry","category-actualite","category-tunisie"],"_links":{"self":[{"href":"https:\/\/linitiative.ca\/International\/wp-json\/wp\/v2\/posts\/84427","targetHints":{"allow":["GET"]}}],"collection":[{"href":"https:\/\/linitiative.ca\/International\/wp-json\/wp\/v2\/posts"}],"about":[{"href":"https:\/\/linitiative.ca\/International\/wp-json\/wp\/v2\/types\/post"}],"author":[{"embeddable":true,"href":"https:\/\/linitiative.ca\/International\/wp-json\/wp\/v2\/users\/1772"}],"replies":[{"embeddable":true,"href":"https:\/\/linitiative.ca\/International\/wp-json\/wp\/v2\/comments?post=84427"}],"version-history":[{"count":0,"href":"https:\/\/linitiative.ca\/International\/wp-json\/wp\/v2\/posts\/84427\/revisions"}],"wp:attachment":[{"href":"https:\/\/linitiative.ca\/International\/wp-json\/wp\/v2\/media?parent=84427"}],"wp:term":[{"taxonomy":"category","embeddable":true,"href":"https:\/\/linitiative.ca\/International\/wp-json\/wp\/v2\/categories?post=84427"},{"taxonomy":"post_tag","embeddable":true,"href":"https:\/\/linitiative.ca\/International\/wp-json\/wp\/v2\/tags?post=84427"}],"curies":[{"name":"wp","href":"https:\/\/api.w.org\/{rel}","templated":true}]}}