{"id":84429,"date":"2020-05-05T14:00:00","date_gmt":"2020-05-05T18:00:00","guid":{"rendered":"https:\/\/linitiative.ca\/International\/selim-azzabi-developpement-regional-un-repositionnement-central-strategique\/"},"modified":"2020-05-05T14:00:00","modified_gmt":"2020-05-05T18:00:00","slug":"selim-azzabi-developpement-regional-un-repositionnement-central-strategique","status":"publish","type":"post","link":"https:\/\/linitiative.ca\/International\/selim-azzabi-developpement-regional-un-repositionnement-central-strategique\/","title":{"rendered":"S\u00e9lim Azzabi &#8211; D\u00e9veloppement r\u00e9gional : un repositionnement central, strat\u00e9gique"},"content":{"rendered":"<p><span class=\"c2\"><strong>La crise a r\u00e9v\u00e9l\u00e9 l\u2019ampleur des in\u00e9galit\u00e9s, l\u2019obsolescence des politiques publiques de d\u00e9veloppement r\u00e9gional et l\u2019aggravation de la fragilit\u00e9 des populations vuln\u00e9rables. Comment comptez-vous vous y atteler ?<\/strong><\/span><\/p>\n<p>Vous avez raison de recentrer le d\u00e9bat sur le d\u00e9veloppement r\u00e9gional, la r\u00e9duction des in\u00e9galit\u00e9s territoriales et l\u2019aggravation des fragilit\u00e9s. En arrivant \u00e0 la t\u00eate de ce d\u00e9partement, cet enjeu majeur s\u2019est impos\u00e9 comme le plus grand d\u00e9fi. Pour l\u2019affronter utilement, il faut faire preuve de cr\u00e9ativit\u00e9, d\u2019audace et d\u2019engagement. Le d\u00e9veloppement des r\u00e9gions est au c\u0153ur du d\u00e9veloppement du pays tout entier. C\u2019est la cl\u00e9 de la prosp\u00e9rit\u00e9, mais aussi de la coh\u00e9sion sociale.\u00a0<\/p>\n<p>Notre outil a toujours \u00e9t\u00e9 le Plan (de d\u00e9veloppement \u00e9conomique et social). D\u2019arrache-pied, nos \u00e9quipes travaillent la pr\u00e9paration du Plan 2021-2025. J\u2019ai demand\u00e9 \u00e0 ce qu\u2019il ne soit pas un plan de plus, \u00ab\u00e0 l\u2019ancienne\u00bb, dans la continuit\u00e9 actualis\u00e9e de ses pr\u00e9c\u00e9dents, mais plut\u00f4t une pr\u00e9sentation d\u2019une nouvelle vision strat\u00e9gique que la Tunisie de demain exige.<\/p>\n<p>L\u2019apr\u00e8s-Covid-19 reposera n\u00e9cessairement sur une red\u00e9finition des secteurs strat\u00e9giques, et une refonte de notre mod\u00e8le \u00e9conomique. La souverainet\u00e9 nationale aura un r\u00f4le pr\u00e9pond\u00e9rant dans divers domaines. C\u2019est le cas en mati\u00e8re d\u2019\u00e9nergie, de sant\u00e9, d\u2019agroalimentaire et \u00e9galement de s\u00e9curit\u00e9. L\u2019une des id\u00e9es ma\u00eetresses est d\u2019instaurer un minima social pour les populations les plus d\u00e9munies. C\u2019est un choix strat\u00e9gique.<\/p>\n<p>Plus encore, un r\u00e9el changement de paradigmes est indispensable \u00e0 op\u00e9rer pour rompre avec une mani\u00e8re \u00e9tablie de penser et un \u00ablogiciel\u00bb qui ne sont d\u00e9sormais plus \u00e0 jour. Nos partenaires du d\u00e9veloppement sont pleinement sensibilis\u00e9s sur cet enjeu, qu\u2019il soit via la mise \u00e0 notre disposition d\u2019un appui technique pr\u00e9cieux pour renouveler notre approche de d\u00e9veloppement r\u00e9gional, ou encore pour diversifier nos projets de coop\u00e9ration internationale plus ax\u00e9e sur l\u2019agriculture, l\u2019eau et l\u2019\u00e9nergie.<\/p>\n<p><span class=\"c3\"><span class=\"c2\"><strong>Comment le Commissariat g\u00e9n\u00e9ral au d\u00e9veloppement r\u00e9gional (Cgdr), les offices de d\u00e9veloppement, l\u2019am\u00e9nagement du territoire et les nouveaux pouvoirs locaux (conseils r\u00e9gionaux, etc.) seront-ils r\u00e9architectur\u00e9s en toute compl\u00e9mentarit\u00e9 et synergie ?<\/strong><\/span><\/span><\/p>\n<p>Vous touchez l\u00e0 au c\u0153ur de la probl\u00e9matique du d\u00e9veloppement r\u00e9gional. C\u2019est de la vision strat\u00e9gique renouvel\u00e9e que doit tout d\u00e9couler. Les pr\u00e9rogatives et responsabilit\u00e9s de chacun, les objectifs et feuilles de route, tout cela doit s\u2019accorder \u00e0 la vision strat\u00e9gique.<\/p>\n<p><span class=\"c2\"><strong>\u2022<\/strong><\/span> Vous mentionnez les conseils r\u00e9gionaux, dans la perspective de la r\u00e9gionalisation. C\u2019est un vaste chantier men\u00e9 conjointement avec les minist\u00e8res des Affaires locales et de l\u2019\u00c9quipement. Qu\u2019entend-on par r\u00e9gion ? Quels pouvoirs ? Quels moyens ? Autant de questions ouvertes qui sont en train d\u2019\u00eatre discut\u00e9es par le gouvernement avec l\u2019appui de ses partenaires.<\/p>\n<p><span class=\"c3\"><span class=\"c2\"><strong>Le monde rural, fort de plus de 3 millions de Tunisiens, est \u00e0 l\u2019abandon, ballott\u00e9 entre l\u2019Agriculture, le MDICI et d\u2019autres intervenants. Qui doit en \u00eatre le chef de file et avec quelle feuille de route ?<\/strong><\/span><\/span><\/p>\n<p>L\u2019approche globale du monde rural doit \u00eatre repens\u00e9e. Nous nous y employons. Le minist\u00e8re de l\u2019Agriculture s\u2019occupe du d\u00e9veloppement et de la promotion de l\u2019agriculture. Mais le monde rural ne peut se r\u00e9sumer \u00e0 la production agricole. Nos r\u00e9gions rurales sont aussi le berceau de nombreuses entreprises (technologiques, pharmaceutiques ou autres), de savoir-faire ancestraux ou encore de tr\u00e9sors culturels et de cha\u00eenes de valeurs diversifi\u00e9es qui d\u00e9passent largement le champ d\u2019action du minist\u00e8re de l\u2019Agriculture.<\/p>\n<p>C\u2019est l\u00e0 o\u00f9 le travail interminist\u00e9riel s\u2019av\u00e8re essentiel, sinon vital. Ce n\u2019est que gr\u00e2ce \u00e0 l\u2019action coordonn\u00e9e des diff\u00e9rents d\u00e9partements (Agriculture, mais aussi Commerce, Industrie, Sant\u00e9, \u00c9ducation, et \u00e9videmment Tourisme et Culture) que nous pourrons r\u00e9pondre au d\u00e9fi du d\u00e9veloppement de ces r\u00e9gions. A mon sens, c\u2019est le r\u00f4le m\u00eame du MDICI que d\u2019assurer la coordination entre les diff\u00e9rents d\u00e9partements minist\u00e9riels avec un engagement fort de l\u2019ensemble du gouvernement symbolis\u00e9 par un portage politique de ces enjeux de d\u00e9veloppement r\u00e9gional et de r\u00e9gionalisation au niveau de la pr\u00e9sidence du gouvernement.<\/p>\n<p>Auteur:<br \/>\n<a href=\"https:\/\/www.leaders.com.tn\/article\/29845-selim-azzabi-developpement-regional-un-repositionnement-central-strategique\">Cliquez ici pour lire l&rsquo;article depuis sa source.<\/a><\/p>\n","protected":false},"excerpt":{"rendered":"<p>La crise a r\u00e9v\u00e9l\u00e9 l\u2019ampleur des in\u00e9galit\u00e9s, l\u2019obsolescence des politiques publiques de d\u00e9veloppement r\u00e9gional et l\u2019aggravation de la fragilit\u00e9 des populations vuln\u00e9rables. Comment comptez-vous vous y atteler ? Vous avez raison de recentrer le d\u00e9bat sur le d\u00e9veloppement r\u00e9gional, la r\u00e9duction des in\u00e9galit\u00e9s territoriales et l\u2019aggravation des fragilit\u00e9s. En arrivant \u00e0 la t\u00eate de ce [&hellip;]<\/p>\n","protected":false},"author":1772,"featured_media":0,"comment_status":"closed","ping_status":"closed","sticky":false,"template":"","format":"standard","meta":{"fifu_image_url":"","fifu_image_alt":"","footnotes":""},"categories":[73,55],"tags":[],"class_list":["post-84429","post","type-post","status-publish","format-standard","hentry","category-actualite","category-tunisie"],"_links":{"self":[{"href":"https:\/\/linitiative.ca\/International\/wp-json\/wp\/v2\/posts\/84429","targetHints":{"allow":["GET"]}}],"collection":[{"href":"https:\/\/linitiative.ca\/International\/wp-json\/wp\/v2\/posts"}],"about":[{"href":"https:\/\/linitiative.ca\/International\/wp-json\/wp\/v2\/types\/post"}],"author":[{"embeddable":true,"href":"https:\/\/linitiative.ca\/International\/wp-json\/wp\/v2\/users\/1772"}],"replies":[{"embeddable":true,"href":"https:\/\/linitiative.ca\/International\/wp-json\/wp\/v2\/comments?post=84429"}],"version-history":[{"count":0,"href":"https:\/\/linitiative.ca\/International\/wp-json\/wp\/v2\/posts\/84429\/revisions"}],"wp:attachment":[{"href":"https:\/\/linitiative.ca\/International\/wp-json\/wp\/v2\/media?parent=84429"}],"wp:term":[{"taxonomy":"category","embeddable":true,"href":"https:\/\/linitiative.ca\/International\/wp-json\/wp\/v2\/categories?post=84429"},{"taxonomy":"post_tag","embeddable":true,"href":"https:\/\/linitiative.ca\/International\/wp-json\/wp\/v2\/tags?post=84429"}],"curies":[{"name":"wp","href":"https:\/\/api.w.org\/{rel}","templated":true}]}}