{"id":84435,"date":"2020-05-05T10:05:50","date_gmt":"2020-05-05T14:05:50","guid":{"rendered":"https:\/\/linitiative.ca\/International\/le-vrai-du-faux-sur-le-coronavirus-au-maroc-ce-mardi-5-mai\/"},"modified":"2020-05-05T10:05:50","modified_gmt":"2020-05-05T14:05:50","slug":"le-vrai-du-faux-sur-le-coronavirus-au-maroc-ce-mardi-5-mai","status":"publish","type":"post","link":"https:\/\/linitiative.ca\/International\/le-vrai-du-faux-sur-le-coronavirus-au-maroc-ce-mardi-5-mai\/","title":{"rendered":"Le vrai du faux sur le coronavirus au Maroc, ce mardi 5 mai"},"content":{"rendered":"<p><strong>Le Coronavirus, qui a fait plus de 3,5 millions de cas de contamination dans le monde, est \u00e0 l\u2019origine d\u2019un flot de Fake news relay\u00e9es sur les r\u00e9seaux sociaux. La MAP fait le tri entre l\u2019intox et les bonnes informations pour une meilleure sensibilisation.<\/strong><\/p>\n<div class=\"c10\"\/>\n<p>\u2013 Le minist\u00e8re de l\u2019\u00c9ducation nationale, de la Formation professionnelle, de l\u2019Enseignement sup\u00e9rieur et de la Recherche scientifique a annonc\u00e9 une ann\u00e9e blanche pour l\u2019ensemble des niveaux scolaires \u00e0 l\u2019exception de la 1\u00e8re et 2\u00e8me ann\u00e9e du Baccalaur\u00e9at. <strong>FAUX<\/strong><\/p>\n<p>\u2013 100 cas suppl\u00e9mentaires d\u2019infection au nouveau coronavirus (Covid-19) ont \u00e9t\u00e9 confirm\u00e9s au Maroc, portant \u00e0 5.153 le nombre total des cas de contamination. <strong>VRAI<\/strong><\/p>\n<p>\u2013 Les \u00e9preuves orales du Concours national commun (CNC) et du Concours national d\u2019acc\u00e8s aux \u00e9coles de management (CNAEM), r\u00e9serv\u00e9s aux \u00e9tudiants des classes pr\u00e9paratoires aux grandes \u00e9coles (CPGE), ont \u00e9t\u00e9 annul\u00e9es. <strong>FAUX<\/strong><\/p>\n<p>\u2013 Plus de 900.000 salari\u00e9s d\u00e9clar\u00e9s en arr\u00eat de travail temporaire au titre du mois d\u2019avril. <strong>VRAI<\/strong><\/p>\n<p>Lire aussi : <a href=\"https:\/\/www.challenge.ma\/ce-que-vous-devez-savoir-sur-le-coronavirus-134568\/\" target=\"_blank\" rel=\"noreferrer noopener\" aria-label=\" (s&#x2019;ouvre dans un nouvel onglet)\">Ce que vous devez savoir sur le coronavirus<\/a><\/p>\n<p>\u2013 Aucun cas confirm\u00e9 au nouveau Coronavirus (Covid-19) depuis d\u00e9but avril dans la r\u00e9gion La\u00e2youne-Sakia El Hamra. <strong>VRAI<\/strong><\/p>\n<p>\u2013 Le Bureau de la Chambre des conseillers a d\u00e9cid\u00e9 de prendre toutes les mesures pour adopter le vote \u00e9lectronique lors des s\u00e9ances pl\u00e9ni\u00e8res et de g\u00e9n\u00e9raliser ce syst\u00e8me aux commissions permanentes \u00e0 partir de la semaine prochaine. <strong>VRAI<\/strong><\/p>\n<p>\u2013 La Fondation Al Mada offre 1 million de masques FFP2 au personnel soignant des patients contamin\u00e9s par le COVID-19. <strong>VRAI<\/strong><\/p>\n<p>\u2013 Bank Of Africa se mobilise pour soutenir les entreprises face \u00e0 la crise sanitaire du nouveau Coronavirus (COVID-19). <strong>VRAI<\/strong><\/p>\n<div class=\"c17\">\n<fieldset class=\"c16\">\n<legend><strong><span class=\"c11\">Challenge<\/span><span class=\"c12\">news<\/span><\/strong><\/legend>\n<div class=\"c15\">Le meilleur de Challenge s\u00e9lectionn\u00e9 par la r\u00e9daction :<\/p>\n<\/div>\n<\/fieldset>\n<\/div>\n<p>Auteur: Hajar DARI<br \/>\n<a href=\"https:\/\/www.challenge.ma\/le-vrai-du-faux-sur-le-coronavirus-au-maroc-ce-mardi-5-mai-139561\/\">Cliquez ici pour lire l&rsquo;article depuis sa source.<\/a><\/p>\n","protected":false},"excerpt":{"rendered":"<p>Le Coronavirus, qui a fait plus de 3,5 millions de cas de contamination dans le monde, est \u00e0 l\u2019origine d\u2019un flot de Fake news relay\u00e9es sur les r\u00e9seaux sociaux. La MAP fait le tri entre l\u2019intox et les bonnes informations pour une meilleure sensibilisation. \u2013 Le minist\u00e8re de l\u2019\u00c9ducation nationale, de la Formation professionnelle, de [&hellip;]<\/p>\n","protected":false},"author":1787,"featured_media":0,"comment_status":"closed","ping_status":"closed","sticky":false,"template":"","format":"standard","meta":{"fifu_image_url":"","fifu_image_alt":"","footnotes":""},"categories":[78,54],"tags":[],"class_list":["post-84435","post","type-post","status-publish","format-standard","hentry","category-economie","category-maroc"],"_links":{"self":[{"href":"https:\/\/linitiative.ca\/International\/wp-json\/wp\/v2\/posts\/84435","targetHints":{"allow":["GET"]}}],"collection":[{"href":"https:\/\/linitiative.ca\/International\/wp-json\/wp\/v2\/posts"}],"about":[{"href":"https:\/\/linitiative.ca\/International\/wp-json\/wp\/v2\/types\/post"}],"author":[{"embeddable":true,"href":"https:\/\/linitiative.ca\/International\/wp-json\/wp\/v2\/users\/1787"}],"replies":[{"embeddable":true,"href":"https:\/\/linitiative.ca\/International\/wp-json\/wp\/v2\/comments?post=84435"}],"version-history":[{"count":0,"href":"https:\/\/linitiative.ca\/International\/wp-json\/wp\/v2\/posts\/84435\/revisions"}],"wp:attachment":[{"href":"https:\/\/linitiative.ca\/International\/wp-json\/wp\/v2\/media?parent=84435"}],"wp:term":[{"taxonomy":"category","embeddable":true,"href":"https:\/\/linitiative.ca\/International\/wp-json\/wp\/v2\/categories?post=84435"},{"taxonomy":"post_tag","embeddable":true,"href":"https:\/\/linitiative.ca\/International\/wp-json\/wp\/v2\/tags?post=84435"}],"curies":[{"name":"wp","href":"https:\/\/api.w.org\/{rel}","templated":true}]}}