{"id":84438,"date":"2020-05-05T12:37:46","date_gmt":"2020-05-05T16:37:46","guid":{"rendered":"https:\/\/linitiative.ca\/International\/sante-liberte-economie-faut-il-choisir\/"},"modified":"2020-05-05T12:37:46","modified_gmt":"2020-05-05T16:37:46","slug":"sante-liberte-economie-faut-il-choisir","status":"publish","type":"post","link":"https:\/\/linitiative.ca\/International\/sante-liberte-economie-faut-il-choisir\/","title":{"rendered":"Sant\u00e9, libert\u00e9, \u00e9conomie : faut-il choisir ?"},"content":{"rendered":"<p><strong>La pand\u00e9mie a bouscul\u00e9 toutes les certitudes et amen\u00e9 l\u2019ensemble des soci\u00e9t\u00e9s \u00e0 r\u00e9aliser une introspection tr\u00e8s pouss\u00e9e.<\/strong><\/p>\n<div class=\"c10\"\/>\n<p>Au d\u00e9but, le tout sanitaire a prim\u00e9 dans la grande majorit\u00e9 des pays du globe. C\u2019est une r\u00e9action qui, \u00e0 d\u00e9faut d\u2019\u00eatre totalement rationnelle, \u00e9tait naturelle au vu du cataclysme annonc\u00e9 par des scientifiques qui depuis commencent \u00e0 faire profil bas. On nous annon\u00e7ait des millions de morts. Le confinement \u00e9tait le seul choix qui s\u2019offrait \u00e0 l\u2019humanit\u00e9. C\u2019est une atteinte majeure aux libert\u00e9s et \u00e0 la plus basique d\u2019entre elles, la libert\u00e9 de circulation.<\/p>\n<p>Aussi \u00e9tonnant que cela puisse para\u00eetre, \u00e0 part quelques voix marginales, cette option a \u00e9t\u00e9 accept\u00e9e par les populations qui demandaient m\u00eame plus de s\u00e9v\u00e9rit\u00e9 contre les contrevenants. Ce n\u2019est que depuis quelques semaines que les chiffres r\u00e9els sont devenus beaucoup moins effrayants que ce que les marchands de la peur avaient avanc\u00e9.<\/p>\n<p>Les populistes avaient tent\u00e9 de r\u00e9sister, ils s\u2019appellent Trump, Johnson, mais aussi Bolsonaro (Br\u00e9sil) et Duterte (Philippines). Les deux premiers ont fait marche arri\u00e8re sous la pression de l\u2019opinion publique. Les deux autres en ont profit\u00e9 pour s\u2019attaquer \u00e0 la d\u00e9mocratie, alors qu\u2019ils sont \u00e9lus. Jair Bolsonaro, parce que le Br\u00e9sil est un \u00e9tat f\u00e9d\u00e9ral et que des gouverneurs ont choisi le confinement pour limiter la casse, a pris la t\u00eate d\u2019une manifestation pour r\u00e9clamer \u00e0 l\u2019arm\u00e9e l\u2019organisation d\u2019un coup d\u2019Etat. Dans un pays qui a v\u00e9cu un quart de si\u00e8cle sous la dictature militaire, c\u2019est un comble. Duterte a ferm\u00e9 toutes les institutions et gouverne selon les r\u00e8gles de l\u2019Etat d\u2019exception. Il interdit la publication des chiffres de morts li\u00e9s au Covid-19\u00a0!<\/p>\n<p>Lire aussi : <a href=\"https:\/\/www.challenge.ma\/ce-que-vous-devez-savoir-sur-le-coronavirus-134568\/\" target=\"_blank\" rel=\"noreferrer noopener\" aria-label=\" (s&#x2019;ouvre dans un nouvel onglet)\">Ce que vous devez savoir sur le coronavirus<\/a><\/p>\n<p>Mais partout l\u2019\u00e9conomie est en risque d\u2019\u00e9croulement absolu. Le d\u00e9confinement c\u2019est d\u2019abord une tentative de remise en marche de l\u2019\u00e9conomie. Ce \u00e0 quoi les marchands de la peur r\u00e9pondent attention \u00e0 la deuxi\u00e8me vague, ce qui n\u2019est pas exclu, mais n\u2019est pas certain non plus. Chaque pays d\u00e9confine \u00e0 sa mani\u00e8re et \u00e0 son rythme, mais tous le font parce que c\u2019est une n\u00e9cessit\u00e9.<\/p>\n<p>Il faudra bien trouver une coh\u00e9rence du syst\u00e8me autour de ces trois th\u00e8mes. Ce qui n\u00e9cessitera de revisiter tous les dogmes. Cela sera le tube de l\u2019Et\u00e9, de mani\u00e8re universelle, \u00e0 n\u2019en pas douter.<\/p>\n<div class=\"c17\">\n<fieldset class=\"c16\">\n<legend><strong><span class=\"c11\">Challenge<\/span><span class=\"c12\">news<\/span><\/strong><\/legend>\n<div class=\"c15\">Le meilleur de Challenge s\u00e9lectionn\u00e9 par la r\u00e9daction :<\/p>\n<\/div>\n<\/fieldset>\n<\/div>\n<p>Auteur: Jamal Berraoui<br \/>\n<a href=\"https:\/\/www.challenge.ma\/sante-liberte-economie-faut-il-choisir-139577\/\">Cliquez ici pour lire l&rsquo;article depuis sa source.<\/a><\/p>\n","protected":false},"excerpt":{"rendered":"<p>La pand\u00e9mie a bouscul\u00e9 toutes les certitudes et amen\u00e9 l\u2019ensemble des soci\u00e9t\u00e9s \u00e0 r\u00e9aliser une introspection tr\u00e8s pouss\u00e9e. Au d\u00e9but, le tout sanitaire a prim\u00e9 dans la grande majorit\u00e9 des pays du globe. C\u2019est une r\u00e9action qui, \u00e0 d\u00e9faut d\u2019\u00eatre totalement rationnelle, \u00e9tait naturelle au vu du cataclysme annonc\u00e9 par des scientifiques qui depuis commencent [&hellip;]<\/p>\n","protected":false},"author":1787,"featured_media":0,"comment_status":"closed","ping_status":"closed","sticky":false,"template":"","format":"standard","meta":{"fifu_image_url":"","fifu_image_alt":"","footnotes":""},"categories":[78,54],"tags":[],"class_list":["post-84438","post","type-post","status-publish","format-standard","hentry","category-economie","category-maroc"],"_links":{"self":[{"href":"https:\/\/linitiative.ca\/International\/wp-json\/wp\/v2\/posts\/84438","targetHints":{"allow":["GET"]}}],"collection":[{"href":"https:\/\/linitiative.ca\/International\/wp-json\/wp\/v2\/posts"}],"about":[{"href":"https:\/\/linitiative.ca\/International\/wp-json\/wp\/v2\/types\/post"}],"author":[{"embeddable":true,"href":"https:\/\/linitiative.ca\/International\/wp-json\/wp\/v2\/users\/1787"}],"replies":[{"embeddable":true,"href":"https:\/\/linitiative.ca\/International\/wp-json\/wp\/v2\/comments?post=84438"}],"version-history":[{"count":0,"href":"https:\/\/linitiative.ca\/International\/wp-json\/wp\/v2\/posts\/84438\/revisions"}],"wp:attachment":[{"href":"https:\/\/linitiative.ca\/International\/wp-json\/wp\/v2\/media?parent=84438"}],"wp:term":[{"taxonomy":"category","embeddable":true,"href":"https:\/\/linitiative.ca\/International\/wp-json\/wp\/v2\/categories?post=84438"},{"taxonomy":"post_tag","embeddable":true,"href":"https:\/\/linitiative.ca\/International\/wp-json\/wp\/v2\/tags?post=84438"}],"curies":[{"name":"wp","href":"https:\/\/api.w.org\/{rel}","templated":true}]}}