{"id":84446,"date":"2020-05-05T17:08:59","date_gmt":"2020-05-05T21:08:59","guid":{"rendered":"https:\/\/linitiative.ca\/International\/tunisie-le-parquet-de-tunis-enquete-sur-les-appels-a-manifester-contre-les-institutions-de-letat\/"},"modified":"2020-05-05T17:08:59","modified_gmt":"2020-05-05T21:08:59","slug":"tunisie-le-parquet-de-tunis-enquete-sur-les-appels-a-manifester-contre-les-institutions-de-letat","status":"publish","type":"post","link":"https:\/\/linitiative.ca\/International\/tunisie-le-parquet-de-tunis-enquete-sur-les-appels-a-manifester-contre-les-institutions-de-letat\/","title":{"rendered":"Tunisie \u2013 Le parquet de Tunis enqu\u00eate sur les \u00ab\u00a0appels \u00e0 manifester contre les institutions de l\u2019Etat\u00a0\u00bb"},"content":{"rendered":"<div class=\"post-cont-in left relative\">\n<p>Le responsable de la communication et de l\u2019information aupr\u00e8s du tribunal de premi\u00e8re instance de Tunis a annonc\u00e9, ce mardi, que le parquet a entam\u00e9 une enqu\u00eate sur les appels \u00e0 manifester\u00a0 contre les institutions de l\u2019Etat, et \u00e0 les dissoudre, qui ont foisonn\u00e9, ces derniers jours, \u00e0 travers les r\u00e9seaux sociaux. Il a assur\u00e9 que le parquet a confi\u00e9 l\u2019enqu\u00eate \u00e0 une brigade sp\u00e9cialis\u00e9e de la police.<\/p>\n<div class=\"code-block code-block-1 c3\"><ins class=\"adsbygoogle c2\" data-ad-layout=\"in-article\" data-ad-format=\"fluid\" data-ad-client=\"ca-pub-2102118777505746\" data-ad-slot=\"7301775417\"\/> <\/div>\n<p>Il est \u00e0 noter que le parti <a href=\"https:\/\/www.tunisienumerique.com\/tunisie-actualite\/ennahdha\/\" title=\"Ennahdha\" target=\"_top\" class=\"auto-link\" rel=\"noopener noreferrer\">Ennahdha<\/a>, relay\u00e9 par un certain nombre de d\u00e9put\u00e9s, ont d\u00e9nonc\u00e9 les attaques qui ciblent les institutions de l\u2019Etat, comme l\u2019assembl\u00e9e des repr\u00e9sentants du peuple et son pr\u00e9sident, <a href=\"https:\/\/www.tunisienumerique.com\/tunisie-actualite\/rached-ghannouchi\/\" title=\"Rached Ghannouchi\" target=\"_top\" class=\"auto-link\" rel=\"noopener noreferrer\">Rached Ghannouchi<\/a>. Et ont appel\u00e9 \u00e0 enqu\u00eater sur les instigateurs de ces attaques qui visent, selon eux, la d\u00e9mocratie tunisienne et sont au service d\u2019agendas \u00a0de parties \u00e9trang\u00e8res qui cherchent \u00e0 d\u00e9stabiliser le pays.<\/p>\n<div class=\"swp_social_panel swp_horizontal_panel swp_flat_fresh swp_default_full_color swp_individual_full_color swp_other_full_color scale-100 scale-\" data-min-width=\"1100\" data-float-color=\"#ffffff\" data-float=\"bottom\" data-float-mobile=\"bottom\" data-transition=\"slide\">\n<div class=\"nc_tweetContainer swp_share_button total_shares total_sharesalt\"><span class=\"swp_count\">1 <span class=\"swp_label\">Partages<\/span><\/span><\/div>\n<\/div>\n<p><strong>Que se passe-t-il en Tunisie?<\/strong><br \/>Nous expliquons sur notre <a href=\"https:\/\/www.youtube.com\/channel\/UCRzypVq0B_yBad5eGrwBx0Q?sub_confirmation=1\" target=\"_blank\" rel=\"noopener noreferrer\">cha\u00eene YouTube<\/a> . <a href=\"https:\/\/www.youtube.com\/channel\/UCRzypVq0B_yBad5eGrwBx0Q?sub_confirmation=1\" target=\"_blank\" rel=\"noopener noreferrer\">Abonnez-vous!<\/a><\/p>\n<div class=\"mvp-org-wrap mvp-org-logo\" itemprop=\"publisher\" itemscope=\"\" itemtype=\"https:\/\/schema.org\/Organization\"><img decoding=\"async\" src=\"https:\/\/www.tunisienumerique.com\/wp-content\/uploads\/2017\/02\/logo_tunisie_numerique.png\"\/><\/div>\n<div class=\"mvp-related-posts left relative\">\n<h4 class=\"post-header\"><span class=\"post-header\">Lire aussi<\/span><\/h4>\n<\/div>\n<div id=\"article-ad\"><ins class=\"adsbygoogle c4\" data-ad-client=\"ca-pub-2102118777505746\" data-ad-slot=\"6513972734\" data-ad-format=\"auto\" data-full-width-responsive=\"true\"\/> <\/div>\n<\/div>\n<div id=\"post-sidebar-wrap\"><ins class=\"adsbygoogle c4\" data-ad-client=\"ca-pub-2102118777505746\" data-ad-slot=\"6168283410\" data-ad-format=\"auto\" data-full-width-responsive=\"true\"\/> <\/div>\n<p>Auteur: LM<br \/>\n<a href=\"https:\/\/www.tunisienumerique.com\/tunisie-le-parquet-de-tunis-enquete-sur-les-appels-a-manifester-contre-les-institutions-de-letat\/\">Cliquez ici pour lire l&rsquo;article depuis sa source.<\/a><\/p>\n","protected":false},"excerpt":{"rendered":"<p>Le responsable de la communication et de l\u2019information aupr\u00e8s du tribunal de premi\u00e8re instance de Tunis a annonc\u00e9, ce mardi, que le parquet a entam\u00e9 une enqu\u00eate sur les appels \u00e0 manifester\u00a0 contre les institutions de l\u2019Etat, et \u00e0 les dissoudre, qui ont foisonn\u00e9, ces derniers jours, \u00e0 travers les r\u00e9seaux sociaux. Il a assur\u00e9 [&hellip;]<\/p>\n","protected":false},"author":1789,"featured_media":84447,"comment_status":"closed","ping_status":"closed","sticky":false,"template":"","format":"standard","meta":{"fifu_image_url":"","fifu_image_alt":"","footnotes":""},"categories":[73,55],"tags":[],"class_list":["post-84446","post","type-post","status-publish","format-standard","has-post-thumbnail","hentry","category-actualite","category-tunisie"],"_links":{"self":[{"href":"https:\/\/linitiative.ca\/International\/wp-json\/wp\/v2\/posts\/84446","targetHints":{"allow":["GET"]}}],"collection":[{"href":"https:\/\/linitiative.ca\/International\/wp-json\/wp\/v2\/posts"}],"about":[{"href":"https:\/\/linitiative.ca\/International\/wp-json\/wp\/v2\/types\/post"}],"author":[{"embeddable":true,"href":"https:\/\/linitiative.ca\/International\/wp-json\/wp\/v2\/users\/1789"}],"replies":[{"embeddable":true,"href":"https:\/\/linitiative.ca\/International\/wp-json\/wp\/v2\/comments?post=84446"}],"version-history":[{"count":0,"href":"https:\/\/linitiative.ca\/International\/wp-json\/wp\/v2\/posts\/84446\/revisions"}],"wp:featuredmedia":[{"embeddable":true,"href":"https:\/\/linitiative.ca\/International\/wp-json\/"}],"wp:attachment":[{"href":"https:\/\/linitiative.ca\/International\/wp-json\/wp\/v2\/media?parent=84446"}],"wp:term":[{"taxonomy":"category","embeddable":true,"href":"https:\/\/linitiative.ca\/International\/wp-json\/wp\/v2\/categories?post=84446"},{"taxonomy":"post_tag","embeddable":true,"href":"https:\/\/linitiative.ca\/International\/wp-json\/wp\/v2\/tags?post=84446"}],"curies":[{"name":"wp","href":"https:\/\/api.w.org\/{rel}","templated":true}]}}