{"id":84450,"date":"2020-05-05T15:34:17","date_gmt":"2020-05-05T19:34:17","guid":{"rendered":"https:\/\/linitiative.ca\/International\/allegement-des-mesures-contre-le-covid-19\/"},"modified":"2020-05-05T15:34:17","modified_gmt":"2020-05-05T19:34:17","slug":"allegement-des-mesures-contre-le-covid-19","status":"publish","type":"post","link":"https:\/\/linitiative.ca\/International\/allegement-des-mesures-contre-le-covid-19\/","title":{"rendered":"ALLEGEMENT DES MESURES CONTRE LE COVID-19"},"content":{"rendered":"<div class=\"stream-item stream-item-above-post-content\">\n<p><noscript><\/p>\n<p><a href=\"\/\/www3.smartadserver.com\/ac?jump=1&amp;nwid=2136&amp;siteid=240610&amp;pgname=rg&amp;fmtid=49046&amp;visit=m&amp;tmstp=[timestamp]&amp;out=nonrich\" target=\"_blank\" rel=\"noopener noreferrer\"><img decoding=\"async\" src=\"http:\/\/www3.smartadserver.com\/ac?out=nonrich&amp;nwid=2136&amp;siteid=240610&amp;pgname=rg&amp;fmtid=49046&amp;visit=m&amp;tmstp=[timestamp]\" border=\"0\" alt=\"\"\/><\/a><\/p>\n<p><\/noscript><\/div>\n<p class=\"c3\"><em>Apr\u00e8s le top d\u00e9part donn\u00e9 par la r\u00e9ouverture du march\u00e9 central de Ouagadougou, rien ne semble d\u00e9sormais pouvoir emp\u00eacher la lev\u00e9e des autres mesures prises dans le cadre de la lutte contre la pand\u00e9mie de la maladie \u00e0 coronavirus. En effet, comme par effet d\u2019entra\u00eenement, la reprise des activit\u00e9s du grand march\u00e9 s\u2019est sold\u00e9e par celle des autres march\u00e9s et yaars des diff\u00e9rents arrondissements de la ville et, plus \u00e9tonnant, par la r\u00e9ouverture des mosqu\u00e9es. Le gouvernement, entra\u00een\u00e9 par le mouvement, s\u2019est r\u00e9solu presqu\u2019\u00e0 son corps d\u00e9fendant, \u00e0 l\u2019accompagner. C\u2019est ainsi qu\u2019apr\u00e8s l\u2019annonce de la r\u00e9ouverture des salles de classes et l\u2019accord conclu avec les acteurs du secteur des transports pour la reprise de la circulation intra et interurbaine, l\u2019Ex\u00e9cutif burkinab\u00e8 a pris en tout d\u00e9but de semaine, deux d\u00e9crets, annon\u00e7ant, l\u2019un, la suspension de la mise en quarantaine des villes touch\u00e9es par l\u2019\u00e9pid\u00e9mie et l\u2019autre, l\u2019all\u00e8gement de la restriction des libert\u00e9s au titre des mesures de lutte contre la pand\u00e9mie du Covid-19.<\/em><\/p>\n<p class=\"c3\"><strong><em>C\u2019est une v\u00e9ritable bouff\u00e9e d\u2019oxyg\u00e8ne qu\u2019apporte le gouvernement \u00e0 la vie nationale<\/em><\/strong><\/p>\n<p class=\"c3\"><em>M\u00eame si l\u2019on peut d\u00e9plorer le fait que ces mesures aient \u00e9t\u00e9 prises, le couteau sur la gorge en raison de la pression de la rue, nul ne peut contester leur effet salutaire \u00e0 la fois pour l\u2019\u00e9conomie nationale et pour la vie sociale et religieuse. En effet, l\u2019\u00e9conomie nationale b\u00e2tie en grande partie sur le secteur informel, \u00e9tait au bord de l\u2019effondrement du fait de l\u2019arr\u00eat des activit\u00e9s tandis que la vie sociale et religieuse avait sombr\u00e9 dans une l\u00e9thargie jamais vue, de m\u00e9moire de Burkinab\u00e8, \u00e0 cause de l\u2019interdiction des rassemblements de grand nombre de personnes qui a entra\u00een\u00e9 la fermeture des lieux de culte. C\u2019est donc une v\u00e9ritable bouff\u00e9e d\u2019oxyg\u00e8ne qu\u2019apporte le gouvernement \u00e0 la vie nationale dans son enti\u00e8ret\u00e9. D\u2019ailleurs, avait-il le choix face \u00e0 la grogne sociale, mais aussi face \u00e0 la disette qui mena\u00e7ait d\u2019ass\u00e9cher les greniers de l\u2019Etat lui-m\u00eame ? La question reste pos\u00e9e.<\/em> <em>Cela dit, l\u2019on peut tout de m\u00eame regretter que dans la batterie de nouvelles mesures, des secteurs qui constituent \u00e0 la fois des poumons de l\u2019activit\u00e9 \u00e9conomique et de la vie socio-culturelle, n\u2019aient pas b\u00e9n\u00e9fici\u00e9 du m\u00eame \u00e9gard que les autres. Il s\u2019agit des restaurants et bars et des salles de spectacles dont la r\u00e9ouverture est rejet\u00e9e dans la deuxi\u00e8me quinzaine du mois de mai. Quand on sait que les acteurs de ces secteurs s\u2019\u00e9taient estim\u00e9s l\u00e9s\u00e9s dans les mesures d\u2019accompagnement et de relance de l\u2019activit\u00e9 \u00e9conomique, prises par le chef de l\u2019Etat dans sa derni\u00e8re adresse \u00e0 la Nation, l\u2019on peut l\u00e9gitimement se poser des questions. Or, Dieu seul sait si ce secteur compte parmi les plus grands pourvoyeurs d\u2019emplois dans les villes du Burkina Faso.\u00a0<\/em> <em>Ceci \u00e9tant, ces mesures d\u2019all\u00e8gement \u00e9dict\u00e9es ces derniers temps, appellent la question suivante : l\u2019appel d\u2019air ainsi lanc\u00e9 ne va-t-il pas donner lieu \u00e0 une reprise euphorique des activit\u00e9s \u00e9conomiques et sociales avec des risques possibles? Il y a toutes les raisons de le croire. Et pour cause. L\u2019incivisme des Burkinab\u00e8 doubl\u00e9 d\u2019un certain \u00ab coronascepticisme \u00bb n\u00e9 de la cacophonie gouvernementale dans la gestion de la pand\u00e9mie, ne garantit pas le n\u00e9cessaire respect des mesures-barri\u00e8res qui doivent aller de pair avec l\u2019all\u00e8gement des mesures prises par les autorit\u00e9s.<\/em><\/p>\n<p class=\"c3\"><strong><em>Les immenses efforts consentis pour freiner la propagation de la pand\u00e9mie, pourraient \u00eatre r\u00e9duits \u00e0 n\u00e9ant<\/em><\/strong><\/p>\n<p class=\"c3\"><em>Il faut donc craindre une nouvelle phase de contagion du virus avec des cons\u00e9quences nettement plus redoutables que celles que l\u2019on a d\u00e9j\u00e0 vues. En effet, l\u2019on peut redouter qu\u2019avec la reprise des transports interurbains, les r\u00e9gions jusque-l\u00e0 \u00e9pargn\u00e9es par la pand\u00e9mie ne soient, \u00e0 leur tour, affect\u00e9es. En tout cas, les risques sont grands et l\u2019histoire de la grippe espagnole de 1918, avec sa seconde phase apocalyptique, est l\u00e0 pour nous rappeler cette menace qui plane au-dessus de nos t\u00eates. Et c\u2019est pour cette raison qu\u2019ils sont nombreux les Burkinab\u00e8 \u00e0 penser que le gouvernement aurait d\u00fb user de tous ses pouvoirs pour freiner l\u2019impatience de la rue, juste pour une ou deux semaines encore ; le temps de voir s\u2019affirmer fermement l\u2019infl\u00e9chissement de la courbe de contamination observ\u00e9e depuis quelque temps. Pour ce faire, il aurait fallu que le pr\u00e9sident du Faso, lui-m\u00eame, mont\u00e2t \u00e0 nouveau au cr\u00e9neau, pour faire \u00e0 son peuple, le point de la distance parcourue et le galvaniser en vue de la victoire finale. Mais l\u2019on comprend que nous sommes dans une ann\u00e9e \u00e9lectorale et que pour les hommes politiques, ce qui compte le plus, c\u2019est d\u2019amadouer l\u2019\u00e9lectorat pour les \u00e9ch\u00e9ances \u00e0 venir.\u00a0<\/em> <em>Que faut-il alors faire pour minimiser les risques d\u2019une nouvelle phase encore plus dramatique de la pand\u00e9mie ? Il faut en appeler tout simplement \u00e0 la responsabilit\u00e9 individuelle et collective des populations. Chaque citoyen doit prendre conscience des risques pour lui, sa famille et ses proches qu\u2019entra\u00eenerait tout comportement \u00e0 risque. Et tous, nous devons prendre conscience que les immenses efforts consentis pour freiner la propagation de la pand\u00e9mie, pourraient \u00eatre r\u00e9duits \u00e0 n\u00e9ant et que l\u2019on pourrait \u00e0 nouveau \u00eatre contraints \u00e0 des sacrifices plus grands, si l\u2019\u00e9pid\u00e9mie n\u2019est pas ma\u00eetris\u00e9e. Et c\u2019est l\u00e0 qu\u2019appara\u00eet toute l\u2019importance de poursuivre la sensibilisation. Et les leaders religieux et communautaires dont l\u2019importance du r\u00f4le, au Burkina Faso, n\u2019est plus \u00e0 d\u00e9montrer, peuvent prendre le relais et sauver la patrie d\u2019une \u00e9ventuelle remont\u00e9e en fl\u00e8che de la courbe de contamination du Covid-19. Et peut-\u00eatre aussi faudra-t-il accompagner cette sensibilisation de ce b\u00e2ton que l\u2019Etat agite parfois sans vraiment pouvoir l\u2019utiliser.<\/em><\/p>\n<p class=\"c3\"><strong><em>\u00ab\u00a0Le Pays\u00a0\u00bb<\/em><\/strong><\/p>\n<p>Auteur: Le Pays<br \/>\n<a href=\"http:\/\/lepays.bf\/allegement-des-mesures-contre-le-covid-19\/\">Cliquez ici pour lire l&rsquo;article depuis sa source.<\/a><\/p>\n","protected":false},"excerpt":{"rendered":"<p>Apr\u00e8s le top d\u00e9part donn\u00e9 par la r\u00e9ouverture du march\u00e9 central de Ouagadougou, rien ne semble d\u00e9sormais pouvoir emp\u00eacher la lev\u00e9e des autres mesures prises dans le cadre de la lutte contre la pand\u00e9mie de la maladie \u00e0 coronavirus. En effet, comme par effet d\u2019entra\u00eenement, la reprise des activit\u00e9s du grand march\u00e9 s\u2019est sold\u00e9e par [&hellip;]<\/p>\n","protected":false},"author":1813,"featured_media":0,"comment_status":"closed","ping_status":"closed","sticky":false,"template":"","format":"standard","meta":{"fifu_image_url":"","fifu_image_alt":"","footnotes":""},"categories":[73,81],"tags":[],"class_list":["post-84450","post","type-post","status-publish","format-standard","hentry","category-actualite","category-burkina-faso"],"_links":{"self":[{"href":"https:\/\/linitiative.ca\/International\/wp-json\/wp\/v2\/posts\/84450","targetHints":{"allow":["GET"]}}],"collection":[{"href":"https:\/\/linitiative.ca\/International\/wp-json\/wp\/v2\/posts"}],"about":[{"href":"https:\/\/linitiative.ca\/International\/wp-json\/wp\/v2\/types\/post"}],"author":[{"embeddable":true,"href":"https:\/\/linitiative.ca\/International\/wp-json\/wp\/v2\/users\/1813"}],"replies":[{"embeddable":true,"href":"https:\/\/linitiative.ca\/International\/wp-json\/wp\/v2\/comments?post=84450"}],"version-history":[{"count":0,"href":"https:\/\/linitiative.ca\/International\/wp-json\/wp\/v2\/posts\/84450\/revisions"}],"wp:attachment":[{"href":"https:\/\/linitiative.ca\/International\/wp-json\/wp\/v2\/media?parent=84450"}],"wp:term":[{"taxonomy":"category","embeddable":true,"href":"https:\/\/linitiative.ca\/International\/wp-json\/wp\/v2\/categories?post=84450"},{"taxonomy":"post_tag","embeddable":true,"href":"https:\/\/linitiative.ca\/International\/wp-json\/wp\/v2\/tags?post=84450"}],"curies":[{"name":"wp","href":"https:\/\/api.w.org\/{rel}","templated":true}]}}