{"id":84451,"date":"2020-05-05T15:37:56","date_gmt":"2020-05-05T19:37:56","guid":{"rendered":"https:\/\/linitiative.ca\/International\/prisonniers-testes-positifs-au-covid-19-en-rdc\/"},"modified":"2020-05-05T15:37:56","modified_gmt":"2020-05-05T19:37:56","slug":"prisonniers-testes-positifs-au-covid-19-en-rdc","status":"publish","type":"post","link":"https:\/\/linitiative.ca\/International\/prisonniers-testes-positifs-au-covid-19-en-rdc\/","title":{"rendered":"PRISONNIERS TESTES POSITIFS AU COVID-19 EN RDC"},"content":{"rendered":"<div class=\"stream-item stream-item-above-post-content\">\n<p><noscript><\/p>\n<p><a href=\"\/\/www3.smartadserver.com\/ac?jump=1&amp;nwid=2136&amp;siteid=240610&amp;pgname=rg&amp;fmtid=49046&amp;visit=m&amp;tmstp=[timestamp]&amp;out=nonrich\" target=\"_blank\" rel=\"noopener noreferrer\"><img decoding=\"async\" src=\"http:\/\/www3.smartadserver.com\/ac?out=nonrich&amp;nwid=2136&amp;siteid=240610&amp;pgname=rg&amp;fmtid=49046&amp;visit=m&amp;tmstp=[timestamp]\" border=\"0\" alt=\"\"\/><\/a><\/p>\n<p><\/noscript><\/div>\n<p class=\"c3\"><em>La R\u00e9publique d\u00e9mocratique du Congo vient d\u2019enregistrer une centaine de cas de Covid-19 dans la prison militaire de Ndolo. Au total, 99 prisonniers sur 101 diagnostiqu\u00e9s, auraient \u00e9t\u00e9 isol\u00e9s de ladite prison, situ\u00e9e au Nord de Kinshasa, selon un communiqu\u00e9 du Conseil des ministres, rendu public le 5 mai dernier. Une situation qui trouble le sommeil des autorit\u00e9s congolaises qui redoutent une propagation de la maladie \u00e0 coronavirus \u00e0 grande \u00e9chelle dans le pays. Quand on sait que le Covid-19 est une maladie hautement contagieuse, l\u2019on peut dire que cette crainte est justifi\u00e9e au regard du surpeuplement des prisons en RDC. Alors, on en vient \u00e0 se demander comment un nombre aussi important de d\u00e9tenus a pu contracter la maladie sans que les responsables de la prison ne s\u2019en rendent compte. Tout laisse penser \u00e0 du laxisme. Cela dit, il faut esp\u00e9rer que la maladie ne franchisse pas les portes de la prison de Ndolo, car, si ce devrait \u00eatre le cas, le pays se retrouverait dans une situation dramatique. Il ne fait l\u2019ombre d\u2019aucun doute que cela annihilerait tous les efforts consentis qui avaient, pourtant, permis d\u2019enregistrer des r\u00e9sultats positifs \u00e0 travers le confinement de la Gombe qui commence \u00e0 sortir de son isolement. En tout cas, la RDC qui enregistrait \u00e0 la date du 5 mai, 705 cas et 34 d\u00e9c\u00e8s, pourrait voir ces chiffres doubler voire tripler.<\/em><\/p>\n<p class=\"c3\"><strong><em>Il y a p\u00e9ril en la demeure<\/em><\/strong><\/p>\n<p class=\"c3\"><em>Du reste, le pays de Tshis\u00e9k\u00e9di doit remercier le Ciel que les premiers test\u00e9s positifs au Covid-19, ne soient pas des pensionnaires de la prison de Makala. Car, on imagine la psychose qui se serait empar\u00e9e des citoyens si cette prison qui compte au moins 8 400 prisonniers, avait \u00e9t\u00e9 touch\u00e9e par la pand\u00e9mie du Covid-19.<\/em> <em>Cela dit, pour \u00e9viter toute contamination \u00e0 grande \u00e9chelle, il serait bien que des tests massifs soient effectu\u00e9s au sein des diff\u00e9rentes maisons d\u2019arr\u00eat et de correction du pays. Certes, ce n\u2019est pas chose ais\u00e9e au regard du nombre de prisonniers que compte le pays. Mais si tel est le meilleur moyen pour parer au pire, il faudrait y mettre les moyens. Dans la mesure o\u00f9 il n\u2019y a ni vaccin ni rem\u00e8de efficaces pour l\u2019heure, contre ce mal tant redout\u00e9, la pr\u00e9vention demeure le meilleur moyen de protection. Et en la mati\u00e8re, toute h\u00e9sitation peut avoir de graves cons\u00e9quences. Si certains pays europ\u00e9ens n\u2019en finissent plus de compter leurs morts, c\u2019est sans doute d\u00fb au fait que certains ont n\u00e9glig\u00e9 le mal avant de se rendre compte qu\u2019il est aujourd\u2019hui tr\u00e8s mortel et m\u00e9rite une th\u00e9rapie de choc. En tout cas, le r\u00e9gime de F\u00e9lix Tshisekedi a tout int\u00e9r\u00eat \u00e0 prendre hic et nunc les mesures qui seyent. Cela est d\u2019autant n\u00e9cessaire qu\u2019il y a p\u00e9ril en la demeure. On ose croire que la gr\u00e2ce pr\u00e9sidentielle envisag\u00e9e en faveur de certains prisonniers d\u00e9sengorgera les prisons du pays dont certaines, \u00e0 l\u2019image de celle de Makala, sont consid\u00e9r\u00e9es comme les lieux d\u2019incarc\u00e9ration les plus surpeupl\u00e9s au monde.<\/em><\/p>\n<p class=\"c3\"><strong><em>DZ<\/em><\/strong><\/p>\n<p>Auteur: Le Pays<br \/>\n<a href=\"http:\/\/lepays.bf\/prisonniers-testes-positifs-au-covid-19-en-rdc\/\">Cliquez ici pour lire l&rsquo;article depuis sa source.<\/a><\/p>\n","protected":false},"excerpt":{"rendered":"<p>La R\u00e9publique d\u00e9mocratique du Congo vient d\u2019enregistrer une centaine de cas de Covid-19 dans la prison militaire de Ndolo. Au total, 99 prisonniers sur 101 diagnostiqu\u00e9s, auraient \u00e9t\u00e9 isol\u00e9s de ladite prison, situ\u00e9e au Nord de Kinshasa, selon un communiqu\u00e9 du Conseil des ministres, rendu public le 5 mai dernier. Une situation qui trouble le [&hellip;]<\/p>\n","protected":false},"author":1813,"featured_media":0,"comment_status":"closed","ping_status":"closed","sticky":false,"template":"","format":"standard","meta":{"fifu_image_url":"","fifu_image_alt":"","footnotes":""},"categories":[73,81],"tags":[],"class_list":["post-84451","post","type-post","status-publish","format-standard","hentry","category-actualite","category-burkina-faso"],"_links":{"self":[{"href":"https:\/\/linitiative.ca\/International\/wp-json\/wp\/v2\/posts\/84451","targetHints":{"allow":["GET"]}}],"collection":[{"href":"https:\/\/linitiative.ca\/International\/wp-json\/wp\/v2\/posts"}],"about":[{"href":"https:\/\/linitiative.ca\/International\/wp-json\/wp\/v2\/types\/post"}],"author":[{"embeddable":true,"href":"https:\/\/linitiative.ca\/International\/wp-json\/wp\/v2\/users\/1813"}],"replies":[{"embeddable":true,"href":"https:\/\/linitiative.ca\/International\/wp-json\/wp\/v2\/comments?post=84451"}],"version-history":[{"count":0,"href":"https:\/\/linitiative.ca\/International\/wp-json\/wp\/v2\/posts\/84451\/revisions"}],"wp:attachment":[{"href":"https:\/\/linitiative.ca\/International\/wp-json\/wp\/v2\/media?parent=84451"}],"wp:term":[{"taxonomy":"category","embeddable":true,"href":"https:\/\/linitiative.ca\/International\/wp-json\/wp\/v2\/categories?post=84451"},{"taxonomy":"post_tag","embeddable":true,"href":"https:\/\/linitiative.ca\/International\/wp-json\/wp\/v2\/tags?post=84451"}],"curies":[{"name":"wp","href":"https:\/\/api.w.org\/{rel}","templated":true}]}}