{"id":84452,"date":"2020-05-05T15:40:31","date_gmt":"2020-05-05T19:40:31","guid":{"rendered":"https:\/\/linitiative.ca\/International\/mission-dinformation-parlementaire-sur-la-gestion-du-covid-19-au-burkina\/"},"modified":"2020-05-05T15:40:31","modified_gmt":"2020-05-05T19:40:31","slug":"mission-dinformation-parlementaire-sur-la-gestion-du-covid-19-au-burkina","status":"publish","type":"post","link":"https:\/\/linitiative.ca\/International\/mission-dinformation-parlementaire-sur-la-gestion-du-covid-19-au-burkina\/","title":{"rendered":"MISSION D\u2019INFORMATION PARLEMENTAIRE SUR LA GESTION DU COVID-19 AU BURKINA"},"content":{"rendered":"<div class=\"stream-item stream-item-above-post-content\">\n<p><noscript><\/p>\n<p><a href=\"\/\/www3.smartadserver.com\/ac?jump=1&amp;nwid=2136&amp;siteid=240610&amp;pgname=rg&amp;fmtid=49046&amp;visit=m&amp;tmstp=[timestamp]&amp;out=nonrich\" target=\"_blank\" rel=\"noopener noreferrer\"><img decoding=\"async\" src=\"http:\/\/www3.smartadserver.com\/ac?out=nonrich&amp;nwid=2136&amp;siteid=240610&amp;pgname=rg&amp;fmtid=49046&amp;visit=m&amp;tmstp=[timestamp]\" border=\"0\" alt=\"\"\/><\/a><\/p>\n<p><\/noscript><\/div>\n<p class=\"c3\"><em>Aussit\u00f4t dit, aussit\u00f4t fait. En effet, quelque deux semaines apr\u00e8s l\u2019approbation, \u00e0 l\u2019unanimit\u00e9, d\u2019une r\u00e9solution portant cr\u00e9ation d\u2019une mission d\u2019information parlementaire sur la gestion de la crise sanitaire li\u00e9e \u00e0 la pand\u00e9mie du Covid-19, la Repr\u00e9sentation nationale du Burkina Faso a joint l\u2019acte \u00e0 la parole en proc\u00e9dant \u00e0 l\u2019installation des membres de ladite mission. C\u2019\u00e9tait le 4 mai dernier, \u00e0 l\u2019Assembl\u00e9e nationale. En rappel, cette mission constitu\u00e9e de d\u00e9put\u00e9s de la majorit\u00e9 et de l\u2019opposition, a quinze jours pour rendre ses r\u00e9sultats sur les investigations sur toutes les questions en lien avec la crise sanitaire au pays des Hommes int\u00e8gres, en l\u2019occurrence les dispositions techniques de lutte contre la pand\u00e9mie, la gestion financi\u00e8re et la prise en charge des malades du Covid-19 en vue d\u2019apporter des r\u00e9ponses aux cas de d\u00e9c\u00e8s et aux soins administr\u00e9s aux malades.\u00a0<\/em> <em>Le moins que l\u2019on puisse dire, c\u2019est que l\u2019Assembl\u00e9e nationale est dans son r\u00f4le. D\u2019autant qu\u2019elle avait d\u00e9j\u00e0 interpell\u00e9 le gouvernement sur la question, le 21 avril dernier.<\/em><\/p>\n<p class=\"c3\"><strong><em>On peut saluer cette initiative du L\u00e9gislatif visant \u00e0 faire la lumi\u00e8re sur un dossier sur lequel l\u2019Ex\u00e9cutif est attendu au tournant par bien des Burkinab\u00e8<\/em><\/strong><\/p>\n<p class=\"c3\"><em>Quoi donc de plus normal qu\u2019apr\u00e8s avoir entendu l\u2019Ex\u00e9cutif, elle prenne l\u2019option de proc\u00e9der \u00e0 cette sorte de contr\u00f4le de son action en essayant d\u2019y voir clair et de faire la lumi\u00e8re sur bien des points qui constituent autant de zones d\u2019ombres pour bien des Burkinab\u00e8. La question est de savoir ce que l\u2019on peut attendre d\u2019une telle mission. D\u2019autant que son installation intervient au moment o\u00f9 la pol\u00e9mique ne d\u00e9senfle pas au sein de l\u2019opinion nationale qui veut non seulement la transparence dans la gestion financi\u00e8re de la crise, mais aussi veut conna\u00eetre le fin mot de la disparition tragique de la d\u00e9put\u00e9e Rose Compaor\u00e9 officiellement donn\u00e9e pour \u00eatre la premi\u00e8re victime du virus mortel au Burkina, version contest\u00e9e par sa famille et fortement mise en doute par certains \u00e9crits. Au-del\u00e0, les Burkinab\u00e8 continuent aussi de s\u2019interroger sur le nombre de morts qui fait partie des plus \u00e9lev\u00e9s de la sous-r\u00e9gion, avec, \u00e0 la date du 3 mai dernier, 44 morts sur 652 cas; ce qui le place au deuxi\u00e8me rang dans la sous-r\u00e9gion apr\u00e8s le Nigeria (68 morts sur 2170 cas), avec une bonne longueur d\u2019avance sur le Niger, 3\u00e8me avec 35 morts sur 736 cas et le Mali, 4\u00e8me avec 26 morts sur 544 cas, comparativement \u00e0 la C\u00f4te d\u2019Ivoire et au S\u00e9n\u00e9gal par exemple, qui comptaient respectivement \u00e0 la m\u00eame date, 15 morts sur 1362 cas et 9 d\u00e9c\u00e8s sur 1115 cas confirm\u00e9s. La mission d\u2019information parlementaire permettra-t-elle, entre autres, de r\u00e9pondre \u00e0 la question de cette mortalit\u00e9 relativement \u00e9lev\u00e9e qui para\u00eet, aux yeux de l\u2019opposition, comme le reflet de la gestion approximative de la situation par le gouvernement\u00a0? On attend de voir. Mais, d\u2019ores et d\u00e9j\u00e0, on peut saluer cette initiative du L\u00e9gislatif visant \u00e0 faire la lumi\u00e8re sur un dossier sur lequel l\u2019Ex\u00e9cutif est attendu au tournant par bien des Burkinab\u00e8. Tout le mal qu\u2019on lui souhaite, c\u2019est que sa d\u00e9marche contribue \u00e0 faire la lumi\u00e8re sur cette affaire et que les recommandations qui seront faites, soient suivies d\u2019effets.<\/em><\/p>\n<p class=\"c3\"><strong><em>Il importe que la mission parlementaire elle-m\u00eame soit mue par un souci d\u2019objectivit\u00e9<\/em><\/strong><\/p>\n<p class=\"c3\"><em>Il y va de l\u2019int\u00e9r\u00eat de tous, y compris du gouvernement qui se d\u00e9m\u00e8ne comme un beau diable dans la lutte contre une maladie qui a fini de mettre \u00e0 ses pieds, m\u00eame les plus grandes puissances de la plan\u00e8te.\u00a0<\/em> <em>Pour s\u00fbr, les r\u00e9sultats de cette mission d\u2019information parlementaire ne manqueront pas d\u2019int\u00e9r\u00eat pour les Burkinab\u00e8. Surtout, au vu du cafouillage qu\u2019il a \u00e9t\u00e9 donn\u00e9 de constater dans la riposte au niveau des autorit\u00e9s sanitaires et qui a d\u00e9j\u00e0 fait une premi\u00e8re victime en la personne du Pr Martial Ou\u00e9draogo. En effet, ce dernier a \u00e9t\u00e9 d\u00e9barqu\u00e9 sans autre forme de proc\u00e8s, de son poste de coordonnateur suite \u00e0 la pol\u00e9mique n\u00e9e du cas de la d\u00e9funte d\u00e9put\u00e9e de l\u2019Union pour le progr\u00e8s et le changement (UPC). Au-del\u00e0, l\u2019on peut se demander ce que nous r\u00e9serveront les r\u00e9sultats de cette mission d\u2019information parlementaire. Contribueront-ils \u00e0 enfoncer davantage le gouvernement qui fait d\u00e9j\u00e0 l\u2019objet de griefs et de vives critiques ou permettront-ils de redorer quelque peu son blason? L\u2019avenir nous le dira. Mais en attendant, il importe que la mission parlementaire elle-m\u00eame soit mue par un souci d\u2019objectivit\u00e9 et que les diff\u00e9rentes parties de l\u2019opposition et de la majorit\u00e9 en son sein, ne cherchent pas d\u2019abord et avant tout \u00e0 orienter les investigations dans le but de tirer chacun la couverture \u00e0 soi. Autrement, si les querelles politiciennes devaient prendre le dessus sur l\u2019objectivit\u00e9, c\u2019est le peuple burkinab\u00e8 en qu\u00eate de v\u00e9rit\u00e9, qui se trouverait simplement otage de sa classe politique.<\/em><\/p>\n<p class=\"c3\"><strong><em>\u00a0\u00ab\u00a0Le Pays\u00a0\u00bb<\/em><\/strong><\/p>\n<p>Auteur: Le Pays<br \/>\n<a href=\"http:\/\/lepays.bf\/mission-dinformation-parlementaire-sur-la-gestion-du-covid-19-au-burkina-2\/\">Cliquez ici pour lire l&rsquo;article depuis sa source.<\/a><\/p>\n","protected":false},"excerpt":{"rendered":"<p>Aussit\u00f4t dit, aussit\u00f4t fait. En effet, quelque deux semaines apr\u00e8s l\u2019approbation, \u00e0 l\u2019unanimit\u00e9, d\u2019une r\u00e9solution portant cr\u00e9ation d\u2019une mission d\u2019information parlementaire sur la gestion de la crise sanitaire li\u00e9e \u00e0 la pand\u00e9mie du Covid-19, la Repr\u00e9sentation nationale du Burkina Faso a joint l\u2019acte \u00e0 la parole en proc\u00e9dant \u00e0 l\u2019installation des membres de ladite mission. [&hellip;]<\/p>\n","protected":false},"author":1813,"featured_media":0,"comment_status":"closed","ping_status":"closed","sticky":false,"template":"","format":"standard","meta":{"fifu_image_url":"","fifu_image_alt":"","footnotes":""},"categories":[73,81],"tags":[],"class_list":["post-84452","post","type-post","status-publish","format-standard","hentry","category-actualite","category-burkina-faso"],"_links":{"self":[{"href":"https:\/\/linitiative.ca\/International\/wp-json\/wp\/v2\/posts\/84452","targetHints":{"allow":["GET"]}}],"collection":[{"href":"https:\/\/linitiative.ca\/International\/wp-json\/wp\/v2\/posts"}],"about":[{"href":"https:\/\/linitiative.ca\/International\/wp-json\/wp\/v2\/types\/post"}],"author":[{"embeddable":true,"href":"https:\/\/linitiative.ca\/International\/wp-json\/wp\/v2\/users\/1813"}],"replies":[{"embeddable":true,"href":"https:\/\/linitiative.ca\/International\/wp-json\/wp\/v2\/comments?post=84452"}],"version-history":[{"count":0,"href":"https:\/\/linitiative.ca\/International\/wp-json\/wp\/v2\/posts\/84452\/revisions"}],"wp:attachment":[{"href":"https:\/\/linitiative.ca\/International\/wp-json\/wp\/v2\/media?parent=84452"}],"wp:term":[{"taxonomy":"category","embeddable":true,"href":"https:\/\/linitiative.ca\/International\/wp-json\/wp\/v2\/categories?post=84452"},{"taxonomy":"post_tag","embeddable":true,"href":"https:\/\/linitiative.ca\/International\/wp-json\/wp\/v2\/tags?post=84452"}],"curies":[{"name":"wp","href":"https:\/\/api.w.org\/{rel}","templated":true}]}}