{"id":84453,"date":"2020-05-05T15:44:55","date_gmt":"2020-05-05T19:44:55","guid":{"rendered":"https:\/\/linitiative.ca\/International\/annulation-du-championnat-national-pour-cause-de-covid-19\/"},"modified":"2020-05-05T15:44:55","modified_gmt":"2020-05-05T19:44:55","slug":"annulation-du-championnat-national-pour-cause-de-covid-19","status":"publish","type":"post","link":"https:\/\/linitiative.ca\/International\/annulation-du-championnat-national-pour-cause-de-covid-19\/","title":{"rendered":"ANNULATION DU CHAMPIONNAT NATIONAL POUR CAUSE DE COVID-19"},"content":{"rendered":"<div class=\"stream-item stream-item-above-post-content\">\n<p><noscript><\/p>\n<p><a href=\"\/\/www3.smartadserver.com\/ac?jump=1&amp;nwid=2136&amp;siteid=240610&amp;pgname=rg&amp;fmtid=49046&amp;visit=m&amp;tmstp=[timestamp]&amp;out=nonrich\" target=\"_blank\" rel=\"noopener noreferrer\"><img decoding=\"async\" src=\"http:\/\/www3.smartadserver.com\/ac?out=nonrich&amp;nwid=2136&amp;siteid=240610&amp;pgname=rg&amp;fmtid=49046&amp;visit=m&amp;tmstp=[timestamp]\" border=\"0\" alt=\"\"\/><\/a><\/p>\n<p><\/noscript><\/div>\n<p class=\"c3\"><em>Les membres du comit\u00e9 d\u2019urgence de la F\u00e9d\u00e9ration burkinab\u00e8 de football (FBF) r\u00e9unis en conclave le 4 mai 2020, ont d\u00e9cid\u00e9 de l\u2019annulation de la saison 2019 -2020 du championnat national de football. Une d\u00e9cision motiv\u00e9e, selon eux, par la pand\u00e9mie du coronavirus qui, comme dans de nombreux pays, fait des victimes au Burkina Faso. Alors qu\u2019il ne restait que six journ\u00e9es pour cl\u00f4turer l\u2019exercice, la FBF, contre toute attente, a d\u00e9cid\u00e9 de tout arr\u00eater. Ceci, afin de respecter aussi l\u2019ultimatum du 5 mai lanc\u00e9 par la Conf\u00e9d\u00e9ration africaine de football (CAF). S\u2019il faut voir dans cette mesure, la volont\u00e9 de la f\u00e9d\u00e9ration de prot\u00e9ger les acteurs du sport roi, force est de constater qu\u2019elle n\u2019est pas sans cons\u00e9quences pour de nombreux clubs qui invoquent des difficult\u00e9s de tr\u00e9sorerie li\u00e9es \u00e0 la crise du Covid-19. D\u00e9j\u00e0, des voix s\u2019\u00e9l\u00e8vent au sein de l\u2019opinion sportive burkinab\u00e8 pour critiquer cette d\u00e9cision de la FBF qui, selon elles, ne r\u00e9pond \u00e0 aucune logique. Ces observateurs avis\u00e9s du Faso foot soutiennent mordicus que la FBF n\u2019a pas \u00e9t\u00e9 bien inspir\u00e9e en prenant cette d\u00e9cision qui ne sera pas sans cons\u00e9quences pour Salitas et Rahimo, nos deux repr\u00e9sentants engag\u00e9s sur la sc\u00e8ne continentale. En effet, il faut, d\u2019ores et d\u00e9j\u00e0, s\u2019interroger sur la port\u00e9e de cette mesure qui suscite aupr\u00e8s des sportifs burkinab\u00e8, plusieurs interrogations. Comment les footballeurs issus de ces deux clubs vivront-ils cette situation\u00a0? Comment arriveront-ils \u00e0 s\u2019adapter sans comp\u00e9tition dans les jambes?<\/em><\/p>\n<p class=\"c3\"><strong><em>Il faut craindre que cette d\u00e9cision ne soit la suite logique de la gu\u00e9guerre entre le pr\u00e9sident Sita Sangar\u00e9 et Hamado Traor\u00e9<\/em><\/strong><\/p>\n<p class=\"c3\"><em>Ce sont, entre autres, ces questions qui taraudent les esprits de nombreux Burkinab\u00e8. Sita Sangar\u00e9, le pr\u00e9sident de la FBF, qui a sans doute pris en compte toutes ces pr\u00e9occupations \u00e0 travers de multiples rencontres avec les responsables de clubs, saura, sans doute, trouver les mots justes pour contenter tous ceux qui ne partagent pas son avis sur la question. Cela dit, il faut craindre que cette d\u00e9cision ne soit la suite logique de la gu\u00e9guerre entre le pr\u00e9sident Sita Sangar\u00e9 et Hamado Traor\u00e9. Car, ce dernier dont on dit qu\u2019il est bien parti pour prendre la t\u00eate de la FBF, a le soutien du colonel Yacouba Ou\u00e9draogo dit Yac, le pr\u00e9sident de Salitas FC. Rappelons qu\u2019autrefois tr\u00e8s bonnes, les relations entre Sita Sangar\u00e9 et le colonel Yac se sont d\u00e9t\u00e9rior\u00e9es ces derni\u00e8res ann\u00e9es. Au point que ces deux personnalit\u00e9s du football burkinab\u00e8 se regarderaient aujourd\u2019hui en chiens de fa\u00efence. Faut-il donc voir dans cette d\u00e9cision, une mani\u00e8re de mettre \u00e0 mal l\u2019adh\u00e9sion massive qui se d\u00e9gage autour de la candidature de Hamado Traor\u00e9 quand on sait que l\u2019un des soutiens de ce dernier, n\u2019est aussi autre que le pr\u00e9sident de Rahimo FC, Rahim Ou\u00e9draogo? En attendant que les langues se d\u00e9lient, il faut dire que cette situation est difficile pour de nombreux sportifs. Chacun y va de son commentaire et certains proposent m\u00eame des solutions miracles en vue de la reprise du championnat national.<\/em><\/p>\n<p class=\"c3\"><strong><em>Seydou TRAORE<\/em><\/strong><\/p>\n<p>Auteur: Le Pays<br \/>\n<a href=\"http:\/\/lepays.bf\/annulation-du-championnat-national-pour-cause-de-covid-19\/\">Cliquez ici pour lire l&rsquo;article depuis sa source.<\/a><\/p>\n","protected":false},"excerpt":{"rendered":"<p>Les membres du comit\u00e9 d\u2019urgence de la F\u00e9d\u00e9ration burkinab\u00e8 de football (FBF) r\u00e9unis en conclave le 4 mai 2020, ont d\u00e9cid\u00e9 de l\u2019annulation de la saison 2019 -2020 du championnat national de football. Une d\u00e9cision motiv\u00e9e, selon eux, par la pand\u00e9mie du coronavirus qui, comme dans de nombreux pays, fait des victimes au Burkina Faso. [&hellip;]<\/p>\n","protected":false},"author":1813,"featured_media":0,"comment_status":"closed","ping_status":"closed","sticky":false,"template":"","format":"standard","meta":{"fifu_image_url":"","fifu_image_alt":"","footnotes":""},"categories":[73,81],"tags":[],"class_list":["post-84453","post","type-post","status-publish","format-standard","hentry","category-actualite","category-burkina-faso"],"_links":{"self":[{"href":"https:\/\/linitiative.ca\/International\/wp-json\/wp\/v2\/posts\/84453","targetHints":{"allow":["GET"]}}],"collection":[{"href":"https:\/\/linitiative.ca\/International\/wp-json\/wp\/v2\/posts"}],"about":[{"href":"https:\/\/linitiative.ca\/International\/wp-json\/wp\/v2\/types\/post"}],"author":[{"embeddable":true,"href":"https:\/\/linitiative.ca\/International\/wp-json\/wp\/v2\/users\/1813"}],"replies":[{"embeddable":true,"href":"https:\/\/linitiative.ca\/International\/wp-json\/wp\/v2\/comments?post=84453"}],"version-history":[{"count":0,"href":"https:\/\/linitiative.ca\/International\/wp-json\/wp\/v2\/posts\/84453\/revisions"}],"wp:attachment":[{"href":"https:\/\/linitiative.ca\/International\/wp-json\/wp\/v2\/media?parent=84453"}],"wp:term":[{"taxonomy":"category","embeddable":true,"href":"https:\/\/linitiative.ca\/International\/wp-json\/wp\/v2\/categories?post=84453"},{"taxonomy":"post_tag","embeddable":true,"href":"https:\/\/linitiative.ca\/International\/wp-json\/wp\/v2\/tags?post=84453"}],"curies":[{"name":"wp","href":"https:\/\/api.w.org\/{rel}","templated":true}]}}