{"id":84458,"date":"2020-05-05T14:34:36","date_gmt":"2020-05-05T18:34:36","guid":{"rendered":"https:\/\/linitiative.ca\/International\/cameroun-covid-19-le-don-de-paul-biya-nest-plus-approprie-selon-les-maires-du-noun\/"},"modified":"2020-05-05T14:34:36","modified_gmt":"2020-05-05T18:34:36","slug":"cameroun-covid-19-le-don-de-paul-biya-nest-plus-approprie-selon-les-maires-du-noun","status":"publish","type":"post","link":"https:\/\/linitiative.ca\/International\/cameroun-covid-19-le-don-de-paul-biya-nest-plus-approprie-selon-les-maires-du-noun\/","title":{"rendered":"Cameroun\/Covid-19 : le \u00ab don \u00bb de Paul Biya n\u2019est plus appropri\u00e9 selon les maires du NOUN"},"content":{"rendered":"<div readability=\"32\">\n<p>Publi\u00e9 le 05.05.2020 \u00e0 19h34 par Christian Djimadeu<\/p>\n<\/div>\n<div readability=\"71\">\n<h2 class=\"c5\">A plus d\u2019un mois de la lutte contre la pand\u00e9mie du Covid-19, le syndicat des maires du d\u00e9partement du Noun \u00a0pense que la distribution des savons, seaux, gants, bidons lave-mains etc\u2026 tel que vient de proc\u00e9der le ministre Paul Atanga Nji, n\u2019est plus opportune.<\/h2>\n<p class=\"c6\">Si les maires du <strong>d\u00e9partement du Noun<\/strong> remercient le pr\u00e9sident de la R\u00e9publique pour son \u00ab\u00a0don sp\u00e9cial\u00a0aux 360 communes \u00bb pour lutter contre le <strong>Covid-19<\/strong>, ils estiment cependant, qu\u2019il aurait fallu consulter les communes sur leurs besoins, avant de proc\u00e9der \u00e0 l\u2019achat des \u00e9quipements distribu\u00e9s par le ministre de l\u2019Administration territoriale <strong>Paul Atanga Nji<\/strong>.<\/p>\n<p class=\"c6\">Ils d\u00e9sapprouvent en effet \u00a0l\u2019orientation donn\u00e9e \u00e0 ces deux milliards de FCFA de \u00ab\u00a0don\u00a0\u00bb. Dans une lettre que le syndicat des \u00e9diles du Noun vient d\u2019adresser\u00a0 \u00e0 <strong>Paul Biya<\/strong> il \u00e9crit\u00a0: \u00ab\u00a0<em>Si vous nous aviez consult\u00e9 quant \u00e0 l\u2019utilisation judicieuse de ce \u00ab Don sp\u00e9cial\u00a0\u00bb, nous aurions pu, \u00e0 l\u2019attention de votre haute gouverne, indiqu\u00e9 notre option pour sa mise \u00e0 disposition ou affectation dans les diff\u00e9rents comptes bancaires ou consignations sp\u00e9ciales, afin que chaque Commune, en fonction de son Plan de Riposte, engag\u00e9 depuis le d\u00e9but en Mars\u00a0<\/em>\u00bb.<\/p>\n<p class=\"c6\">Rendu \u00e0 bient\u00f4t deux mois de combat contre le Covid-19, les maires du Noun affirment que \u00a0les besoins de leurs communes \u00ab\u00a0 <em>se trouvent au-del\u00e0 du stade des : savons, masques, \u00a0gants, seaux, bidons lave-mains.\u00a0<\/em>\u00bb<\/p>\n<p class=\"c6\">Le syndicat dont le porte-voix n\u2019est autre que l\u2019Honorable <strong>Tomaino Ndam Njoya<\/strong>, maire de Foumban, indique que les communes du Noun ont plut\u00f4t besoin en ce moment\u00a0 \u00ab\u00a0 <em>des kits de d\u00e9pistage, d\u2019appareils respiratoires, mais aussi, de prise en charge socio sanitaire, l\u2019am\u00e9nagement des sites pour approvisionnement, de mise en quarantaine, d\u2019inhumation\u2026de mobilisation et sensibilisation des populations\u2026en ordre vari\u00e9 et sp\u00e9cifique<\/em>\u00a0\u00bb.<\/p>\n<\/div>\n<p>Auteur: Christian DJIMADEU<br \/>\n<a href=\"https:\/\/www.journalducameroun.com\/cameroun-covid-19-le-don-de-paul-biya-nest-plus-approprie-selon-les-maires-du-noun-camerpun\/\">Cliquez ici pour lire l&rsquo;article depuis sa source.<\/a><\/p>\n","protected":false},"excerpt":{"rendered":"<p>Publi\u00e9 le 05.05.2020 \u00e0 19h34 par Christian Djimadeu A plus d\u2019un mois de la lutte contre la pand\u00e9mie du Covid-19, le syndicat des maires du d\u00e9partement du Noun \u00a0pense que la distribution des savons, seaux, gants, bidons lave-mains etc\u2026 tel que vient de proc\u00e9der le ministre Paul Atanga Nji, n\u2019est plus opportune. Si les maires [&hellip;]<\/p>\n","protected":false},"author":1965,"featured_media":0,"comment_status":"closed","ping_status":"closed","sticky":false,"template":"","format":"standard","meta":{"fifu_image_url":"","fifu_image_alt":"","footnotes":""},"categories":[73,82],"tags":[],"class_list":["post-84458","post","type-post","status-publish","format-standard","hentry","category-actualite","category-cameroun"],"_links":{"self":[{"href":"https:\/\/linitiative.ca\/International\/wp-json\/wp\/v2\/posts\/84458","targetHints":{"allow":["GET"]}}],"collection":[{"href":"https:\/\/linitiative.ca\/International\/wp-json\/wp\/v2\/posts"}],"about":[{"href":"https:\/\/linitiative.ca\/International\/wp-json\/wp\/v2\/types\/post"}],"author":[{"embeddable":true,"href":"https:\/\/linitiative.ca\/International\/wp-json\/wp\/v2\/users\/1965"}],"replies":[{"embeddable":true,"href":"https:\/\/linitiative.ca\/International\/wp-json\/wp\/v2\/comments?post=84458"}],"version-history":[{"count":0,"href":"https:\/\/linitiative.ca\/International\/wp-json\/wp\/v2\/posts\/84458\/revisions"}],"wp:attachment":[{"href":"https:\/\/linitiative.ca\/International\/wp-json\/wp\/v2\/media?parent=84458"}],"wp:term":[{"taxonomy":"category","embeddable":true,"href":"https:\/\/linitiative.ca\/International\/wp-json\/wp\/v2\/categories?post=84458"},{"taxonomy":"post_tag","embeddable":true,"href":"https:\/\/linitiative.ca\/International\/wp-json\/wp\/v2\/tags?post=84458"}],"curies":[{"name":"wp","href":"https:\/\/api.w.org\/{rel}","templated":true}]}}