{"id":84459,"date":"2020-05-05T15:18:03","date_gmt":"2020-05-05T19:18:03","guid":{"rendered":"https:\/\/linitiative.ca\/International\/afsud-lanc-defend-son-ministre-au-sujet-de-linterdiction-de-tabac\/"},"modified":"2020-05-05T15:18:03","modified_gmt":"2020-05-05T19:18:03","slug":"afsud-lanc-defend-son-ministre-au-sujet-de-linterdiction-de-tabac","status":"publish","type":"post","link":"https:\/\/linitiative.ca\/International\/afsud-lanc-defend-son-ministre-au-sujet-de-linterdiction-de-tabac\/","title":{"rendered":"AfSud : l\u2019ANC d\u00e9fend son ministre au sujet de l\u2019interdiction de tabac"},"content":{"rendered":"<div readability=\"32\">\n<p>Publi\u00e9 le 05.05.2020 \u00e0 20h18 par APA News<\/p>\n<\/div>\n<div readability=\"89\">\n<p>Le Congr\u00e8s national africain (ANC, au pouvoir) en Afrique du Sud, a d\u00e9fendu mardi le ministre de la Gouvernance des entreprises et des affaires traditionnelles, Nkosazana Dlamini-Zuma, pour avoir annonc\u00e9 la poursuite de l\u2019interdiction des produits du tabac pendant le confinement.Dlamini-Zuma, qui a annonc\u00e9 l\u2019interdiction la semaine derni\u00e8re, \u00e0 la suite d\u2019une d\u00e9cision de l\u2019organe national de supervision de la gestion de la pand\u00e9mie de coronavirus, a \u00e9t\u00e9 critiqu\u00e9e par l\u2019industrie du tabac du pays pour avoir interdit le tabac.<\/p>\n<p>L\u2019un des principaux acteurs de l\u2019industrie, British American Tobacco (BAT) d\u2019Afrique du Sud, a menac\u00e9 de porter plainte contre le gouvernement \u00e0 moins que les autorit\u00e9s ne l\u00e8vent l\u2019interdiction d\u2019ici cette semaine.<\/p>\n<p>R\u00e9pondant aux critiques faites \u00e0 la ministre, le porte-parole de l\u2019ANC, Pule Mabe, a d\u00e9clar\u00e9 que les attaques contre Dlamini-Zuma \u00e9taient \u00ab\u00a0misogynes et \u00e0 motivation raciale. Cibler la ministre \u00e9tait donc une erreur, car la d\u00e9cision a \u00e9t\u00e9 prise collectivement\u00a0\u00bb\u00a0<\/p>\n<p>\u00a0Mabe a ajout\u00e9 : \u00ab Lorsqu\u2019elle a prononc\u00e9 la d\u00e9cision, elle l\u2019a fait apr\u00e8s avoir \u00e9t\u00e9 habilit\u00e9e par la loi (loi sur la gestion des catastrophes) et en sa qualit\u00e9 de ministre en exercice, charg\u00e9e de l\u2019application de cette loi \u00bb.\u00a0<\/p>\n<p>\u00a0Il a indiqu\u00e9 que \u00ab le Conseil national de commandement du coronavirus, qui a d\u00e9cid\u00e9 de l\u2019interdiction, est compos\u00e9 de divers ministres. Par cons\u00e9quent, isoler un ministre sur une d\u00e9cision d\u2019un groupe est plut\u00f4t injuste \u00bb.\u00a0<\/p>\n<p>\u00a0De son c\u00f4t\u00e9, le chef de l\u2019ANC et de l\u2019Etat, Cyril Ramaphosa, a d\u00e9clar\u00e9 que Nkosazana-Dlamini n\u2019\u00e9tait pas responsable de l\u2019interdiction du tabac.<\/p>\n<p>En effet, son annonce a \u00e9t\u00e9 une d\u00e9cision collective suite \u00e0 de fortes recommandations d\u2019experts m\u00e9dicaux, dont des m\u00e9decins, a d\u00e9clar\u00e9 Ramaphosa.<\/p>\n<p>\u00a0Ramaphosa avait initialement annonc\u00e9 que le tabac serait vendu pendant le confinement de niveau quatre, qui a commenc\u00e9 lundi.<\/p>\n<p>Mais cette d\u00e9cision a \u00e9t\u00e9 annul\u00e9e par l\u2019annonce du ministre, ce qui a provoqu\u00e9 la col\u00e8re et la frustration de l\u2019industrie du tabac..\u00a0<\/p>\n<\/div>\n<p>Auteur: APA News<br \/>\n<a href=\"https:\/\/www.journalducameroun.com\/afsud-lanc-defend-son-ministre-au-sujet-de-linterdiction-de-tabac\/\">Cliquez ici pour lire l&rsquo;article depuis sa source.<\/a><\/p>\n","protected":false},"excerpt":{"rendered":"<p>Publi\u00e9 le 05.05.2020 \u00e0 20h18 par APA News Le Congr\u00e8s national africain (ANC, au pouvoir) en Afrique du Sud, a d\u00e9fendu mardi le ministre de la Gouvernance des entreprises et des affaires traditionnelles, Nkosazana Dlamini-Zuma, pour avoir annonc\u00e9 la poursuite de l\u2019interdiction des produits du tabac pendant le confinement.Dlamini-Zuma, qui a annonc\u00e9 l\u2019interdiction la semaine [&hellip;]<\/p>\n","protected":false},"author":1965,"featured_media":0,"comment_status":"closed","ping_status":"closed","sticky":false,"template":"","format":"standard","meta":{"fifu_image_url":"","fifu_image_alt":"","footnotes":""},"categories":[73,82],"tags":[],"class_list":["post-84459","post","type-post","status-publish","format-standard","hentry","category-actualite","category-cameroun"],"_links":{"self":[{"href":"https:\/\/linitiative.ca\/International\/wp-json\/wp\/v2\/posts\/84459","targetHints":{"allow":["GET"]}}],"collection":[{"href":"https:\/\/linitiative.ca\/International\/wp-json\/wp\/v2\/posts"}],"about":[{"href":"https:\/\/linitiative.ca\/International\/wp-json\/wp\/v2\/types\/post"}],"author":[{"embeddable":true,"href":"https:\/\/linitiative.ca\/International\/wp-json\/wp\/v2\/users\/1965"}],"replies":[{"embeddable":true,"href":"https:\/\/linitiative.ca\/International\/wp-json\/wp\/v2\/comments?post=84459"}],"version-history":[{"count":0,"href":"https:\/\/linitiative.ca\/International\/wp-json\/wp\/v2\/posts\/84459\/revisions"}],"wp:attachment":[{"href":"https:\/\/linitiative.ca\/International\/wp-json\/wp\/v2\/media?parent=84459"}],"wp:term":[{"taxonomy":"category","embeddable":true,"href":"https:\/\/linitiative.ca\/International\/wp-json\/wp\/v2\/categories?post=84459"},{"taxonomy":"post_tag","embeddable":true,"href":"https:\/\/linitiative.ca\/International\/wp-json\/wp\/v2\/tags?post=84459"}],"curies":[{"name":"wp","href":"https:\/\/api.w.org\/{rel}","templated":true}]}}