{"id":84462,"date":"2020-05-05T17:18:04","date_gmt":"2020-05-05T21:18:04","guid":{"rendered":"https:\/\/linitiative.ca\/International\/covid-19-en-afrique-des-pays-font-le-choix-realiste-du-deconfinement\/"},"modified":"2020-05-05T17:18:04","modified_gmt":"2020-05-05T21:18:04","slug":"covid-19-en-afrique-des-pays-font-le-choix-realiste-du-deconfinement","status":"publish","type":"post","link":"https:\/\/linitiative.ca\/International\/covid-19-en-afrique-des-pays-font-le-choix-realiste-du-deconfinement\/","title":{"rendered":"Covid-19 en Afrique : des pays font le choix \u00ab r\u00e9aliste \u00bb du d\u00e9confinement"},"content":{"rendered":"<div readability=\"32\">\n<p>Publi\u00e9 le 05.05.2020 \u00e0 22h18 par APA News<\/p>\n<\/div>\n<div readability=\"160\">\n<p>Plusieurs pays africains ont commenc\u00e9 \u00e0 suivre la vague mondiale du d\u00e9confinement, r\u00e9clam\u00e9 par une bonne frange de leurs populations qui a \u00ab plus peur de mourir de faim que de coronavirus \u00bb.Au Gabon, le d\u00e9confinement partiel de Libreville et trois communes limitrophes, a commenc\u00e9 \u00e0 \u00eatre effectif comme l\u2019avait annonc\u00e9 le 27 avril, le Premier ministre Julien Nkoghe B\u00e9kal\u00e9.<\/p>\n<p>Apr\u00e8s deux semaines de confinement total, les habitants de la capitale gabonaise ne veulent plus retourner dans cette situation qui, pourtant, est consid\u00e9r\u00e9e par les experts comme le seul moyen pouvant casser la cha\u00eene de transmission de la pand\u00e9mie.<\/p>\n<p>Au Nig\u00e9ria, qui compte plus de 2000 cas et quelque 90 d\u00e9c\u00e8s, un d\u00e9confinement progressif a \u00e9t\u00e9 aussi autoris\u00e9 hier lundi par le pr\u00e9sident Muhammadu Buhari. De Lagos \u00e0 Ogun en passant par la capitale f\u00e9d\u00e9rale Abuja, ce sont plus de 25 millions d\u2019habitants qui reprennent une libert\u00e9 encadr\u00e9e de mouvement, apr\u00e8s cinq semaines de s\u00e9v\u00e8res restrictions.<\/p>\n<p>Cet assouplissement est \u00e9galement une r\u00e9alit\u00e9 au Ghana ou en Afrique du Sud, des pays pr\u00e9occup\u00e9s par l\u2019impact de cette mesure sur les populations les plus pauvres. Toutefois,\u00a0d\u2019autres mesures sont prises\u00a0pour poursuivre la lutte contre le virus.<\/p>\n<p>Mais au Congo, le pr\u00e9sident Denis Sassou Nguesso a jug\u00e9 bon de prolonger jusqu\u2019au 15 mai le confinement en vue d\u2019\u00e9valuer \u00ab\u00a0l\u2019efficacit\u00e9 de sa mise en \u0153uvre\u00a0\u00bb. Son pays recense d\u00e9j\u00e0 plus de 230 cas et 10 d\u00e9c\u00e8s dus au nouveau coronavirus.<\/p>\n<p>Pour les huit pays de l\u2019Uemoa, le Burkina, le Mali, le Niger et le S\u00e9n\u00e9gal entre autres, aucun n\u2019a opt\u00e9 pour le confinement. Ils ont d\u00e9cid\u00e9 de fermer leurs fronti\u00e8res et d\u2019imposer un couvre-feu.<\/p>\n<p>R\u00e9ajustement et \u00ab\u00a0r\u00e9alisme\u00a0\u00bb<\/p>\n<p>Au Cameroun, le pr\u00e9sident Paul Biya a assoupli certaines mesures en d\u00e9cidant de l\u2019ouverture au-del\u00e0 de 18 heures, des d\u00e9bits de boissons, des restaurants et des lieux de loisirs, avec obligation pour les clients et usagers de respecter les mesures barri\u00e8res. Cet all\u00e8gement s\u2019explique, selon le gouvernement, par le fait que les diff\u00e9rentes mesures prises pour stopper la propagation du virus \u00ab ont entrain\u00e9 des distorsions \u00e9conomiques et sociales, dont les effets se font ressentir dans plusieurs secteurs d\u2019activit\u00e9s \u00bb.<\/p>\n<p>Le pr\u00e9sident Ali Bongo du Gabon a d\u00e9cid\u00e9 de revoir certaines mesures li\u00e9es au confinement. \u00ab Nous ne pouvons pas continuer plus longtemps \u00e0 confiner les populations du grand Libreville sans risque d\u2019explosion sociale. Nous avons choisi le r\u00e9alisme, parce que nos r\u00e9alit\u00e9s socio\u00e9conomiques sont telles que la plupart de nos populations vivent dans une \u00e9conomie informelle et vivent au jour le jour \u00bb, a d\u00e9clar\u00e9 son Premier ministre sur RFI, semblant porter les complaintes ant\u00e9rieures du Nig\u00e9rian Ganiyu Ayinla, chauffeur \u00e0 Lagos.<\/p>\n<p>\u00ab\u00a0Nous venons de traverser un mois de faim et de peine. Maintenant je peux \u00e0 nouveau gagner de l\u2019argent et nourrir ma famille\u00a0\u00bb, se r\u00e9jouit celui-ci \u00e0 l\u2019AFP, en faisant monter les passagers dans son \u00ab\u00a0Danfo\u00a0\u00bb, ainsi que sont surnomm\u00e9s les minibus jaunes dans la capitale administrative nig\u00e9riane.<\/p>\n<p>Par ailleurs, l\u2019astuce des autorit\u00e9s pour prot\u00e9ger leurs populations est d\u2019insister sur le respect des gestes barri\u00e8res et de la distanciation sociale, m\u00eame s\u2019il n\u2019est pas toujours \u00e9vident. Mais presque partout sur le continent, le port du masque est rendu obligatoire.<\/p>\n<p>Si certains sont convaincus que l\u2019immunit\u00e9 collective pourrait sauver l\u2019humanit\u00e9 contre la pand\u00e9mie \u00e0 d\u00e9faut de trouver un vaccin, l\u2019id\u00e9e n\u2019agr\u00e9e pas outre mesure plusieurs comit\u00e9s scientifiques. C\u2019est le cas du S\u00e9n\u00e9gal o\u00f9 la position du docteur Moussa Thior, ex-coordonnateur du Programme national de lutte contre le paludisme (PNDL), sur la prise en charge de la maladie et la communication autour, a largement \u00e9tait discut\u00e9e la semaine derni\u00e8re.<\/p>\n<p>Immunit\u00e9 collective<\/p>\n<p>\u00ab\u00a0Il faut laisser le virus circuler et arr\u00eater d\u2019ameuter les populations\u00a0\u00bb avec les cas communautaires, s\u2019est emport\u00e9 l\u2019expert s\u00e9n\u00e9galais de l\u2019OMS, invit\u00e9 sur Iradio. Dr Thior consid\u00e8re que le minist\u00e8re de la Sant\u00e9 ajoute dans la panique des populations en rapportant quotidiennement dans ses communiqu\u00e9s lus en direct des \u00ab\u00a0cas communautaires\u00a0\u00bb, ces malades du Covid-19 qui ne peuvent retracer leur cha\u00eene de contamination.<\/p>\n<p>Pourtant \u00ab\u00a0dans le cadre d\u2019une maladie comme le coronavirus, les cas communautaires, c\u2019est une tr\u00e8s bonne chose, je p\u00e8se mes mots. Il faut laisser le virus circuler, \u00e7a va contribuer \u00e0 d\u00e9velopper l\u2019effet de protection de masse. Il faut arr\u00eater de faire peur aux gens\u00a0\u00bb, a-t-il dit.<\/p>\n<p>Cependant, le professeur Moussa Seydi, charg\u00e9 de la prise en charge des malades du Covid-19 au S\u00e9n\u00e9gal, se d\u00e9marque de cette th\u00e8se. \u00ab\u00a0On dit qu\u2019il faut prot\u00e9ger les personnes \u00e2g\u00e9es mais quelqu\u2019un peut \u00eatre infect\u00e9 sans le savoir. De retour chez lui, il ne peut pas prendre de pr\u00e9cautions\u00a0\u00bb.<\/p>\n<p>\u00ab\u00a0Nous avons ici un jeune qui \u00e9tait malade, qui a infect\u00e9 son p\u00e8re qui est d\u00e9c\u00e9d\u00e9 (\u2026) Il n\u2019y a pas d\u2019immunit\u00e9 collective. Je suis absolument oppos\u00e9 \u00e0 cela. Il y a des pays qui l\u2019ont fait et qui l\u2019ont regrett\u00e9\u00a0\u00bb, a averti le chef du service des maladies infectieuses et tropicales de l\u2019h\u00f4pital Fann de Dakar, dans un entretien avec la cha\u00eene de t\u00e9l\u00e9vision publique RTS.<\/p>\n<p>L\u2019Afrique recense pr\u00e8s de 50.000 cas de Covid-19 depuis l\u2019apparition du premier patient en Egypte, le 14 f\u00e9vrier, et d\u00e9plore quelque 1800 d\u00e9c\u00e8s pour plus de 16.000 gu\u00e9ris.<\/p>\n<\/div>\n<p>Auteur: APA News<br \/>\n<a href=\"https:\/\/www.journalducameroun.com\/covid-19-en-afrique-des-pays-font-le-choix-realiste-du-deconfinement\/\">Cliquez ici pour lire l&rsquo;article depuis sa source.<\/a><\/p>\n","protected":false},"excerpt":{"rendered":"<p>Publi\u00e9 le 05.05.2020 \u00e0 22h18 par APA News Plusieurs pays africains ont commenc\u00e9 \u00e0 suivre la vague mondiale du d\u00e9confinement, r\u00e9clam\u00e9 par une bonne frange de leurs populations qui a \u00ab plus peur de mourir de faim que de coronavirus \u00bb.Au Gabon, le d\u00e9confinement partiel de Libreville et trois communes limitrophes, a commenc\u00e9 \u00e0 \u00eatre [&hellip;]<\/p>\n","protected":false},"author":1965,"featured_media":0,"comment_status":"closed","ping_status":"closed","sticky":false,"template":"","format":"standard","meta":{"fifu_image_url":"","fifu_image_alt":"","footnotes":""},"categories":[73,82],"tags":[],"class_list":["post-84462","post","type-post","status-publish","format-standard","hentry","category-actualite","category-cameroun"],"_links":{"self":[{"href":"https:\/\/linitiative.ca\/International\/wp-json\/wp\/v2\/posts\/84462","targetHints":{"allow":["GET"]}}],"collection":[{"href":"https:\/\/linitiative.ca\/International\/wp-json\/wp\/v2\/posts"}],"about":[{"href":"https:\/\/linitiative.ca\/International\/wp-json\/wp\/v2\/types\/post"}],"author":[{"embeddable":true,"href":"https:\/\/linitiative.ca\/International\/wp-json\/wp\/v2\/users\/1965"}],"replies":[{"embeddable":true,"href":"https:\/\/linitiative.ca\/International\/wp-json\/wp\/v2\/comments?post=84462"}],"version-history":[{"count":0,"href":"https:\/\/linitiative.ca\/International\/wp-json\/wp\/v2\/posts\/84462\/revisions"}],"wp:attachment":[{"href":"https:\/\/linitiative.ca\/International\/wp-json\/wp\/v2\/media?parent=84462"}],"wp:term":[{"taxonomy":"category","embeddable":true,"href":"https:\/\/linitiative.ca\/International\/wp-json\/wp\/v2\/categories?post=84462"},{"taxonomy":"post_tag","embeddable":true,"href":"https:\/\/linitiative.ca\/International\/wp-json\/wp\/v2\/tags?post=84462"}],"curies":[{"name":"wp","href":"https:\/\/api.w.org\/{rel}","templated":true}]}}