{"id":84465,"date":"2020-05-05T11:40:28","date_gmt":"2020-05-05T15:40:28","guid":{"rendered":"https:\/\/linitiative.ca\/International\/le-groupe-orange-poursuit-sa-croissance-en-afrique-et-au-moyen-orient\/"},"modified":"2020-05-05T11:40:28","modified_gmt":"2020-05-05T15:40:28","slug":"le-groupe-orange-poursuit-sa-croissance-en-afrique-et-au-moyen-orient","status":"publish","type":"post","link":"https:\/\/linitiative.ca\/International\/le-groupe-orange-poursuit-sa-croissance-en-afrique-et-au-moyen-orient\/","title":{"rendered":"Le groupe Orange poursuit sa croissance en Afrique et au Moyen-Orient"},"content":{"rendered":"<div id=\"the-post\">\n<div class=\"featured-area featured-area-inner\"><img loading=\"lazy\" decoding=\"async\" width=\"780\" height=\"468\" src=\"https:\/\/ecomatin.net\/wp-content\/uploads\/2020\/05\/Groupe-orange-1.jpg\" class=\"attachment-jannah-image-post size-jannah-image-post wp-post-image\" alt=\"Orange Camerou\" srcset=\"https:\/\/ecomatin.net\/wp-content\/uploads\/2020\/05\/Groupe-orange-1.jpg 780w, https:\/\/ecomatin.net\/wp-content\/uploads\/2020\/05\/Groupe-orange-1-300x180.jpg 300w, https:\/\/ecomatin.net\/wp-content\/uploads\/2020\/05\/Groupe-orange-1-768x461.jpg 768w\" sizes=\"auto, (max-width: 780px) 100vw, 780px\" data-attachment-id=\"15749\" data-permalink=\"https:\/\/ecomatin.net\/le-groupe-orange-poursuit-sa-croissance-en-afrique-et-au-moyen-orient\/groupe-orange-2\/\" data-orig-file=\"https:\/\/ecomatin.net\/wp-content\/uploads\/2020\/05\/Groupe-orange-1.jpg\" data-orig-size=\"780,468\" data-comments-opened=\"0\" data-image-meta=\"{&quot;aperture&quot;:&quot;0&quot;,&quot;credit&quot;:&quot;&quot;,&quot;camera&quot;:&quot;&quot;,&quot;caption&quot;:&quot;&quot;,&quot;created_timestamp&quot;:&quot;0&quot;,&quot;copyright&quot;:&quot;&quot;,&quot;focal_length&quot;:&quot;0&quot;,&quot;iso&quot;:&quot;0&quot;,&quot;shutter_speed&quot;:&quot;0&quot;,&quot;title&quot;:&quot;&quot;,&quot;orientation&quot;:&quot;1&quot;}\" data-image-title=\"Groupe orange\" data-image-description=\"\" data-medium-file=\"https:\/\/ecomatin.net\/wp-content\/uploads\/2020\/05\/Groupe-orange-1-300x180.jpg\" data-large-file=\"https:\/\/ecomatin.net\/wp-content\/uploads\/2020\/05\/Groupe-orange-1.jpg\"\/><\/div>\n<div class=\"entry-content entry clearfix\" readability=\"57.998760842627\">\n<p>Le groupe Orange poursuit sa croissance. Son chiffre d\u2019affaires s\u2019est accru de 1% au premier trimestre 2020, s\u2019\u00e9tablissant \u00e0 environ 10,4 milliards d\u2019euros. Cette performance est attribuable en partie \u00e0 une solide progression en Afrique et Moyen-Orient, o\u00f9 le chiffre d\u2019affaire de l\u2019entreprise s\u2019est am\u00e9lior\u00e9 de 6,2%, ainsi qu\u2019\u00e0 une hausse du segment Entreprises (+0,8%) en France et en Europe. En Espagne, la tendance s\u2019inverse et l\u2019op\u00e9rateur affiche un recul de son chiffre d\u2019affaires de 2,4%. Cette dynamique intervient dans le contexte du tout d\u00e9but de la crise du Covid-19 qui a entra\u00een\u00e9 un d\u00e9clin des ventes d\u2019\u00e9quipements en raison de la fermeture des trois quarts des boutiques dans les pays d\u2019Europe \u00e0 partir de la mi-mars et une baisse des revenus du roaming, souligne l\u2019op\u00e9rateur dans un communiqu\u00e9.<\/p>\n<p><strong><code>LIRE AUSSI:<\/code> Orange Cameroun, meilleure connexion internet mobile en 2019<\/strong><\/p>\n<p>Les bons indicateurs du groupe sont le fruit de sa strat\u00e9gie ax\u00e9e sur la connectivit\u00e9 augment\u00e9e et sur les nouveaux territoires de croissance. Dans le d\u00e9tail, les offres convergentes concentrent 10,8 millions de clients, soit une hausse de 3% sur un an. La fibre, elle, attire d\u00e9sormais 8,1 millions d\u2019abonn\u00e9s tr\u00e8s haut d\u00e9bit fixe, soit une progression \u00e0 deux chiffres de l\u2019ordre de 20,7%. \u00ab<em>Le secteur des t\u00e9l\u00e9coms se r\u00e9v\u00e8le \u00eatre l\u2019un des plus r\u00e9silients dans ce contexte in\u00e9dit, et Orange dans ce secteur tout particuli\u00e8rement, dispose d\u2019atouts exceptionnels, m\u00eame s\u2019il est \u00e9videmment impossible de rester \u00e0 l\u2019\u00e9cart de ce choc violent<\/em>\u00bb, a comment\u00e9 le Directeur G\u00e9n\u00e9ral d\u00e9l\u00e9gu\u00e9 Ramon Fernandez.<\/p>\n<p>A en croire ce dernier, les conditions exceptionnelles impos\u00e9es par le d\u00e9but de la crise Covid en mars ont d\u00e9montr\u00e9 l\u2019importance vitale d\u2019Orange et de ses r\u00e9seaux qui ont absorb\u00e9 une hausse significative du trafic avec une excellente qualit\u00e9 de service.<\/p>\n<div class=\"awac-wrapper awac widget posts-list-widget-13\">\n<h4 class=\"widget-title\">Recent Posts<\/h4>\n<\/div>\n<\/div>\n<\/div>\n<div readability=\"31.5\">\n<div class=\"container-wrapper subscribe-widget widget-inner-wrap subscribe-widget-content\" id=\"post-newsletter\" readability=\"33\">\n<h4>With Product You Purchase<\/h4>\n<h3>Subscribe to our mailing list to get the new updates!<\/h3>\n<p>Lorem ipsum dolor sit amet, consectetur.<\/p>\n<\/div>\n<\/div>\n<p>Auteur: EcoMatin<br \/>\n<a href=\"https:\/\/ecomatin.net\/le-groupe-orange-poursuit-sa-croissance-en-afrique-et-au-moyen-orient\/\">Cliquez ici pour lire l&rsquo;article depuis sa source.<\/a><\/p>\n","protected":false},"excerpt":{"rendered":"<p>Le groupe Orange poursuit sa croissance. Son chiffre d\u2019affaires s\u2019est accru de 1% au premier trimestre 2020, s\u2019\u00e9tablissant \u00e0 environ 10,4 milliards d\u2019euros. Cette performance est attribuable en partie \u00e0 une solide progression en Afrique et Moyen-Orient, o\u00f9 le chiffre d\u2019affaire de l\u2019entreprise s\u2019est am\u00e9lior\u00e9 de 6,2%, ainsi qu\u2019\u00e0 une hausse du segment Entreprises (+0,8%) [&hellip;]<\/p>\n","protected":false},"author":1969,"featured_media":84466,"comment_status":"closed","ping_status":"closed","sticky":false,"template":"","format":"standard","meta":{"fifu_image_url":"","fifu_image_alt":"","footnotes":""},"categories":[82,78],"tags":[],"class_list":["post-84465","post","type-post","status-publish","format-standard","has-post-thumbnail","hentry","category-cameroun","category-economie"],"_links":{"self":[{"href":"https:\/\/linitiative.ca\/International\/wp-json\/wp\/v2\/posts\/84465","targetHints":{"allow":["GET"]}}],"collection":[{"href":"https:\/\/linitiative.ca\/International\/wp-json\/wp\/v2\/posts"}],"about":[{"href":"https:\/\/linitiative.ca\/International\/wp-json\/wp\/v2\/types\/post"}],"author":[{"embeddable":true,"href":"https:\/\/linitiative.ca\/International\/wp-json\/wp\/v2\/users\/1969"}],"replies":[{"embeddable":true,"href":"https:\/\/linitiative.ca\/International\/wp-json\/wp\/v2\/comments?post=84465"}],"version-history":[{"count":0,"href":"https:\/\/linitiative.ca\/International\/wp-json\/wp\/v2\/posts\/84465\/revisions"}],"wp:featuredmedia":[{"embeddable":true,"href":"https:\/\/linitiative.ca\/International\/wp-json\/"}],"wp:attachment":[{"href":"https:\/\/linitiative.ca\/International\/wp-json\/wp\/v2\/media?parent=84465"}],"wp:term":[{"taxonomy":"category","embeddable":true,"href":"https:\/\/linitiative.ca\/International\/wp-json\/wp\/v2\/categories?post=84465"},{"taxonomy":"post_tag","embeddable":true,"href":"https:\/\/linitiative.ca\/International\/wp-json\/wp\/v2\/tags?post=84465"}],"curies":[{"name":"wp","href":"https:\/\/api.w.org\/{rel}","templated":true}]}}