{"id":84467,"date":"2020-05-05T13:24:39","date_gmt":"2020-05-05T17:24:39","guid":{"rendered":"https:\/\/linitiative.ca\/International\/covid-19-le-gicam-insatisfait-des-mesures-dassouplissement-du-gouvernement\/"},"modified":"2020-05-05T13:24:39","modified_gmt":"2020-05-05T17:24:39","slug":"covid-19-le-gicam-insatisfait-des-mesures-dassouplissement-du-gouvernement","status":"publish","type":"post","link":"https:\/\/linitiative.ca\/International\/covid-19-le-gicam-insatisfait-des-mesures-dassouplissement-du-gouvernement\/","title":{"rendered":"Covid-19: le Gicam insatisfait des mesures d\u2019assouplissement du gouvernement"},"content":{"rendered":"<p>\u00a0Le\u00a0<strong>Groupement Inter-patronal du Cameroun<\/strong>\u00a0(GICAM) appelle de tous ses v\u0153ux les mesures d\u2019accompagnement du gouvernement, pour aider les entreprises \u00e0 faire face aux effets d\u00e9vastateurs de la pand\u00e9mie de\u00a0<strong>Coronavirus<\/strong><strong>.<\/strong>\u00a0 Le 30 avril 2020, le Premier ministre Chef du gouvernement,\u00a0<strong>Joseph Dion Ngute<\/strong>,\u00a0 rendait publique 19 mesures d\u2019assouplissement, visant \u00e0 limiter les effets du\u00a0<strong>Covid-19 sur l\u2019\u00e9conomie.<\/strong><\/p>\n<p>Au terme d\u2019une session extraordinaire tenue le 1<sup>er<\/sup>Mai, le pr\u00e9sident du Gicam C\u00e9lestin Tawamba et ses pairs reconnaissent que leurs propositions ont \u00e9t\u00e9 partiellement prises en compte \u00e0 savoir\u00a0;\u00a0\u00a0le report des charges sociales et fiscales, apurer le solde de cr\u00e9dit de TVA en attente de remboursement,\u00a0\u00a0la r\u00e9duction des d\u00e9lais de paiement, voire l\u2019octroi de moratoires et de diff\u00e9r\u00e9s de paiement aux entreprises directement affect\u00e9es par la crise. Nonobstant, le Gicam d\u00e9plore \u00ab\u00a0<em>l\u2019absence des mesures douani\u00e8res de remboursement, de remboursement de la dette int\u00e9rieure et la non-mobilisation des leviers bancaires\u00a0<\/em>\u00bb peut-on lire dans le communiqu\u00e9.<\/p>\n<p><strong><code>&gt;LIRE AUSSI-<\/code><a href=\"https:\/\/ecomatin.net\/le-gicam-propose-de-geler-les-remboursements-des-credits-bancaires\/\">Le Gicam propose de geler les remboursements des cr\u00e9dits bancaires.<\/a><\/strong><\/p>\n<p>D\u2019apr\u00e8s le patronat, les mesures d\u2019assouplissement du gouvernement n\u2019ont pas eu un impact perceptible sur l\u2019\u00e9conomie, et de plus, les m\u00e9nages ne ressentent pas encore leurs effets.\u00a0<em>\u00ab\u00a0L\u2019absence de mesures structurelles visant, non seulement \u00e0 soutenir la tr\u00e9sorerie des entreprises, toutes suffisamment ou durement \u00e9prouv\u00e9es, mais aussi \u00e0 relancer les activit\u00e9s des entreprises et l<\/em><em>\u2019\u00e9conomie, demeure pour le Gicam<\/em><em>\u00a0un sujet de grande pr\u00e9occupation<\/em>\u00a0\u00bb. Le Gicam continue donc son plaidoyer en invitant le gouvernement \u00e0 aller plus dans la mise en place des mesures compl\u00e9mentaires pour aider les entreprises \u00e0 remonter la pente.<\/p>\n<p>Il faut pr\u00e9ciser que le Gicam avait propos\u00e9 18 mesures au gouvernement en vue de freiner l\u2019impact de la pand\u00e9mie sur les entreprises. Au plan fiscal et social, il pr\u00e9conisait la suspension des contr\u00f4les fiscaux ainsi que le gel des redressements fiscaux en cours, le report, sans p\u00e9nalit\u00e9s, des d\u00e9lais des d\u00e9clarations statistiques et fiscales.<\/p>\n<p>Dans la sph\u00e8re douani\u00e8re, le Gicam demandait l\u2019assouplissement des mesures de quarantaine de 14 jours des navires pour les secteurs strat\u00e9giques et produits sensibles, la suppression, durant la p\u00e9riode de crise, des surestaries et des frais de stationnement li\u00e9s aux op\u00e9rations de d\u00e9douanement, l\u2019all\u00e8gement et l\u2019adaptation des proc\u00e9dures de d\u00e9douanement et de paiement des fournisseurs, mais \u00e9galement la suspension des contr\u00f4les douaniers apr\u00e8s enl\u00e8vement des marchandises.<\/p>\n<div class=\"awac-wrapper awac widget posts-list-widget-13\">\n<h4 class=\"widget-title\">Recent Posts<\/h4>\n<\/div>\n<p>Auteur: EcoMatin<br \/>\n<a href=\"https:\/\/ecomatin.net\/covid-19-le-gicam-insatisfait-des-mesures-dassouplissement-du-gouvernement\/\">Cliquez ici pour lire l&rsquo;article depuis sa source.<\/a><\/p>\n","protected":false},"excerpt":{"rendered":"<p>\u00a0Le\u00a0Groupement Inter-patronal du Cameroun\u00a0(GICAM) appelle de tous ses v\u0153ux les mesures d\u2019accompagnement du gouvernement, pour aider les entreprises \u00e0 faire face aux effets d\u00e9vastateurs de la pand\u00e9mie de\u00a0Coronavirus.\u00a0 Le 30 avril 2020, le Premier ministre Chef du gouvernement,\u00a0Joseph Dion Ngute,\u00a0 rendait publique 19 mesures d\u2019assouplissement, visant \u00e0 limiter les effets du\u00a0Covid-19 sur l\u2019\u00e9conomie. Au terme [&hellip;]<\/p>\n","protected":false},"author":1969,"featured_media":0,"comment_status":"closed","ping_status":"closed","sticky":false,"template":"","format":"standard","meta":{"fifu_image_url":"","fifu_image_alt":"","footnotes":""},"categories":[82,78],"tags":[],"class_list":["post-84467","post","type-post","status-publish","format-standard","hentry","category-cameroun","category-economie"],"_links":{"self":[{"href":"https:\/\/linitiative.ca\/International\/wp-json\/wp\/v2\/posts\/84467","targetHints":{"allow":["GET"]}}],"collection":[{"href":"https:\/\/linitiative.ca\/International\/wp-json\/wp\/v2\/posts"}],"about":[{"href":"https:\/\/linitiative.ca\/International\/wp-json\/wp\/v2\/types\/post"}],"author":[{"embeddable":true,"href":"https:\/\/linitiative.ca\/International\/wp-json\/wp\/v2\/users\/1969"}],"replies":[{"embeddable":true,"href":"https:\/\/linitiative.ca\/International\/wp-json\/wp\/v2\/comments?post=84467"}],"version-history":[{"count":0,"href":"https:\/\/linitiative.ca\/International\/wp-json\/wp\/v2\/posts\/84467\/revisions"}],"wp:attachment":[{"href":"https:\/\/linitiative.ca\/International\/wp-json\/wp\/v2\/media?parent=84467"}],"wp:term":[{"taxonomy":"category","embeddable":true,"href":"https:\/\/linitiative.ca\/International\/wp-json\/wp\/v2\/categories?post=84467"},{"taxonomy":"post_tag","embeddable":true,"href":"https:\/\/linitiative.ca\/International\/wp-json\/wp\/v2\/tags?post=84467"}],"curies":[{"name":"wp","href":"https:\/\/api.w.org\/{rel}","templated":true}]}}