{"id":84469,"date":"2020-05-05T14:15:40","date_gmt":"2020-05-05T18:15:40","guid":{"rendered":"https:\/\/linitiative.ca\/International\/port-de-douala-mouvement-dhumeur-des-dockers\/"},"modified":"2020-05-05T14:15:40","modified_gmt":"2020-05-05T18:15:40","slug":"port-de-douala-mouvement-dhumeur-des-dockers","status":"publish","type":"post","link":"https:\/\/linitiative.ca\/International\/port-de-douala-mouvement-dhumeur-des-dockers\/","title":{"rendered":"Port de Douala : mouvement d\u2019humeur des dockers"},"content":{"rendered":"<div id=\"the-post\">\n<div class=\"featured-area featured-area-inner\"><img loading=\"lazy\" decoding=\"async\" width=\"780\" height=\"470\" src=\"https:\/\/ecomatin.net\/wp-content\/uploads\/2020\/05\/IMG_20200221_152747-780x470.jpg\" class=\"attachment-jannah-image-post size-jannah-image-post wp-post-image\" alt=\"PORT DE DOUALA\" data-attachment-id=\"15760\" data-permalink=\"https:\/\/ecomatin.net\/port-de-douala-mouvement-dhumeur-des-dockers\/img_20200221_152747\/\" data-orig-file=\"https:\/\/ecomatin.net\/wp-content\/uploads\/2020\/05\/IMG_20200221_152747-scaled.jpg\" data-orig-size=\"2560,1440\" data-comments-opened=\"0\" data-image-meta=\"{&quot;aperture&quot;:&quot;2&quot;,&quot;credit&quot;:&quot;&quot;,&quot;camera&quot;:&quot;TECNO-C9&quot;,&quot;caption&quot;:&quot;&quot;,&quot;created_timestamp&quot;:&quot;1582298868&quot;,&quot;copyright&quot;:&quot;&quot;,&quot;focal_length&quot;:&quot;3.5&quot;,&quot;iso&quot;:&quot;93&quot;,&quot;shutter_speed&quot;:&quot;0.00075&quot;,&quot;title&quot;:&quot;&quot;,&quot;orientation&quot;:&quot;1&quot;}\" data-image-title=\"IMG_20200221_152747\" data-image-description=\"\" data-medium-file=\"https:\/\/ecomatin.net\/wp-content\/uploads\/2020\/05\/IMG_20200221_152747-300x169.jpg\" data-large-file=\"https:\/\/ecomatin.net\/wp-content\/uploads\/2020\/05\/IMG_20200221_152747-1024x576.jpg\"\/><\/div>\n<div class=\"entry-content entry clearfix\" readability=\"45.767272727273\">\n<p>Le dernier mouvement d\u2019humeur des dockers en activit\u00e9 au port de Douala date du 23 octobre 2019. Apr\u00e8s une r\u00e9union couperet avec l\u2019autorit\u00e9 portuaire, ces derniers avaient d\u00e9cid\u00e9 de reporter sine die leur gr\u00e8ve qui avait pour revendication, la signature des contrats d\u2019assurance, la tenue des \u00e9tats g\u00e9n\u00e9raux des dockers, l\u2019application des conventions et accords, la r\u00e9vision du salaire de base, la carte unique pour le travailleur, les \u00e9quipements de protection individuelle etc\u2026..Des griefs objets de discorde entre le groupement des acconiers du Cameroun (Gpac) et les dockers en 2017.<\/p>\n<p>Apr\u00e8s une r\u00e9union sous l\u2019\u00e9gide de l\u2019autorit\u00e9 portuaire, le\u00a0collectif des d\u00e9l\u00e9gu\u00e9s du personnel docker du Port autonome de Douala avait obtenu\u00a0le report de la mise en application des r\u00e9solutions de la normalisation pour le 1er janvier 2020.<\/p>\n<p>Lesquelles r\u00e9solutions n\u2019ont visiblement pas \u00e9t\u00e9 appliqu\u00e9es par le patronat des dockers. D\u2019o\u00f9 cet autre d\u00e9brayage entam\u00e9 ce 30 avril 2020 par les milliers de dockers de la place portuaire. Les gr\u00e9vistes revendiquent de nouveau leur affiliation \u00e0 la Caisse nationale de pr\u00e9voyance sociale (Cnps), \u00ab<em>pourtant des sommes sont r\u00e9duites de nos salaires et revers\u00e9es \u00e0 la Cnps<\/em>\u00bb, r\u00e9v\u00e8le un gr\u00e9viste, \u00abl\u2019assurance-maladie, et la revalorisation des salaires etc.\u00bb Des pourparlers seraient en cours pour un retour normal \u00e0 l\u2019activit\u00e9 des dockers. Le port de Douala abrite plus de 3000 dockers r\u00e9partis sur plusieurs quais de la place portuaire. Le mouvement en cours a sensiblement perturb\u00e9 les activit\u00e9s de manutention portuaire.<\/p>\n<p><strong><code>&gt;LIRE AUSSI-<\/code><a href=\"https:\/\/ecomatin.net\/port-de-douala-la-direction-generale-veut-mettre-fin-au-racket-des-camionneurs\/\">Port de Douala : la direction g\u00e9n\u00e9rale veut mettre fin au racket des camionneurs<\/a><\/strong><\/p>\n<div class=\"awac-wrapper awac widget posts-list-widget-13\">\n<h4 class=\"widget-title\">Recent Posts<\/h4>\n<\/div>\n<\/div>\n<\/div>\n<div readability=\"31.5\">\n<div class=\"container-wrapper subscribe-widget widget-inner-wrap subscribe-widget-content\" id=\"post-newsletter\" readability=\"33\">\n<h4>With Product You Purchase<\/h4>\n<h3>Subscribe to our mailing list to get the new updates!<\/h3>\n<p>Lorem ipsum dolor sit amet, consectetur.<\/p>\n<\/div>\n<\/div>\n<p>Auteur: EcoMatin<br \/>\n<a href=\"https:\/\/ecomatin.net\/port-de-douala-mouvement-dhumeur-des-dockers\/\">Cliquez ici pour lire l&rsquo;article depuis sa source.<\/a><\/p>\n","protected":false},"excerpt":{"rendered":"<p>Le dernier mouvement d\u2019humeur des dockers en activit\u00e9 au port de Douala date du 23 octobre 2019. Apr\u00e8s une r\u00e9union couperet avec l\u2019autorit\u00e9 portuaire, ces derniers avaient d\u00e9cid\u00e9 de reporter sine die leur gr\u00e8ve qui avait pour revendication, la signature des contrats d\u2019assurance, la tenue des \u00e9tats g\u00e9n\u00e9raux des dockers, l\u2019application des conventions et accords, [&hellip;]<\/p>\n","protected":false},"author":1969,"featured_media":84470,"comment_status":"closed","ping_status":"closed","sticky":false,"template":"","format":"standard","meta":{"fifu_image_url":"","fifu_image_alt":"","footnotes":""},"categories":[82,78],"tags":[],"class_list":["post-84469","post","type-post","status-publish","format-standard","has-post-thumbnail","hentry","category-cameroun","category-economie"],"_links":{"self":[{"href":"https:\/\/linitiative.ca\/International\/wp-json\/wp\/v2\/posts\/84469","targetHints":{"allow":["GET"]}}],"collection":[{"href":"https:\/\/linitiative.ca\/International\/wp-json\/wp\/v2\/posts"}],"about":[{"href":"https:\/\/linitiative.ca\/International\/wp-json\/wp\/v2\/types\/post"}],"author":[{"embeddable":true,"href":"https:\/\/linitiative.ca\/International\/wp-json\/wp\/v2\/users\/1969"}],"replies":[{"embeddable":true,"href":"https:\/\/linitiative.ca\/International\/wp-json\/wp\/v2\/comments?post=84469"}],"version-history":[{"count":0,"href":"https:\/\/linitiative.ca\/International\/wp-json\/wp\/v2\/posts\/84469\/revisions"}],"wp:featuredmedia":[{"embeddable":true,"href":"https:\/\/linitiative.ca\/International\/wp-json\/"}],"wp:attachment":[{"href":"https:\/\/linitiative.ca\/International\/wp-json\/wp\/v2\/media?parent=84469"}],"wp:term":[{"taxonomy":"category","embeddable":true,"href":"https:\/\/linitiative.ca\/International\/wp-json\/wp\/v2\/categories?post=84469"},{"taxonomy":"post_tag","embeddable":true,"href":"https:\/\/linitiative.ca\/International\/wp-json\/wp\/v2\/tags?post=84469"}],"curies":[{"name":"wp","href":"https:\/\/api.w.org\/{rel}","templated":true}]}}