{"id":84477,"date":"2020-05-06T10:11:20","date_gmt":"2020-05-06T14:11:20","guid":{"rendered":"https:\/\/linitiative.ca\/International\/reunion-du-comite-directeur-de-la-frmf-le-sort-de-la-botola-scelle-ce-jeudi\/"},"modified":"2020-05-06T10:11:20","modified_gmt":"2020-05-06T14:11:20","slug":"reunion-du-comite-directeur-de-la-frmf-le-sort-de-la-botola-scelle-ce-jeudi","status":"publish","type":"post","link":"https:\/\/linitiative.ca\/International\/reunion-du-comite-directeur-de-la-frmf-le-sort-de-la-botola-scelle-ce-jeudi\/","title":{"rendered":"R\u00e9union du comit\u00e9 directeur de la FRMF : Le sort de la Botola scell\u00e9 ce jeudi ?"},"content":{"rendered":"<header>\n<\/header>\n<div class=\"entry-content clearfix\" readability=\"61\"><img decoding=\"async\" class=\"post_layout_5_img\" src=\"http:\/\/aujourdhui.ma\/wp-content\/uploads\/2020\/04\/Football-Botola-frmf.jpg\" alt=\"R&#xE9;union du comit&#xE9; directeur de la FRMF : Le sort de la Botola scell&#xE9; ce jeudi ?\"\/><\/p>\n<p><span class=\"c5\"><span class=\"c4\"><strong>Alors que le myst\u00e8re ne faisait que s\u2019\u00e9paissir, la F\u00e9d\u00e9ration marocaine de football a d\u00e9cid\u00e9 de se pencher ce jeudi, lors d\u2019une r\u00e9union de son comit\u00e9 directeur, sur le sort de ses comp\u00e9titions, stopp\u00e9es depuis mars dernier en raison de la propagation du Covid-19, comme indiqu\u00e9 sur son site officiel.<\/strong><\/span><span id=\"more-344152\"\/><\/span><\/p>\n<p>L\u2019instance dirigeante du football national a annonc\u00e9 que ladite r\u00e9union se tiendrait en visioconf\u00e9rence pour examiner la situation actuelle du football national suite \u00e0 la propagation de la pand\u00e9mie.<br \/>\u00ab\u00a0Programm\u00e9e \u00e0 partir de 14h00, cette r\u00e9union conna\u00eetra la participation des repr\u00e9sentants des instances m\u00e9dicales de la FRMF et de la Ligue nationale du football professionnel (LNFP)\u00a0\u00bb, pr\u00e9cise le communiqu\u00e9 de la FRMF.<\/p>\n<p>Pour rappel, la FRMF avait pris la d\u00e9cision, le 14 mars, de suspendre tous les matchs de football, toutes cat\u00e9gories confondues, jusqu\u2019\u00e0 nouvel ordre.<br \/>Avant la suspension du championnat, le Wydad Casablanca occupait la t\u00eate du classement avec 36 points, devan\u00e7ant d\u2019une unit\u00e9 le FUS Rabat, 2e, et de deux longueurs le MC Oujda qui compl\u00e8te le podium.<\/p>\n<\/div>\n<p>Auteur: ALM<br \/>\n<a href=\"http:\/\/aujourdhui.ma\/une\/reunion-du-comite-directeur-de-la-frmf-le-sort-de-la-botola-scelle-ce-jeudi\">Cliquez ici pour lire l&rsquo;article depuis sa source.<\/a><\/p>\n","protected":false},"excerpt":{"rendered":"<p>Alors que le myst\u00e8re ne faisait que s\u2019\u00e9paissir, la F\u00e9d\u00e9ration marocaine de football a d\u00e9cid\u00e9 de se pencher ce jeudi, lors d\u2019une r\u00e9union de son comit\u00e9 directeur, sur le sort de ses comp\u00e9titions, stopp\u00e9es depuis mars dernier en raison de la propagation du Covid-19, comme indiqu\u00e9 sur son site officiel. L\u2019instance dirigeante du football national [&hellip;]<\/p>\n","protected":false},"author":1759,"featured_media":84478,"comment_status":"closed","ping_status":"closed","sticky":false,"template":"","format":"standard","meta":{"fifu_image_url":"","fifu_image_alt":"","footnotes":""},"categories":[73,54],"tags":[],"class_list":["post-84477","post","type-post","status-publish","format-standard","has-post-thumbnail","hentry","category-actualite","category-maroc"],"_links":{"self":[{"href":"https:\/\/linitiative.ca\/International\/wp-json\/wp\/v2\/posts\/84477","targetHints":{"allow":["GET"]}}],"collection":[{"href":"https:\/\/linitiative.ca\/International\/wp-json\/wp\/v2\/posts"}],"about":[{"href":"https:\/\/linitiative.ca\/International\/wp-json\/wp\/v2\/types\/post"}],"author":[{"embeddable":true,"href":"https:\/\/linitiative.ca\/International\/wp-json\/wp\/v2\/users\/1759"}],"replies":[{"embeddable":true,"href":"https:\/\/linitiative.ca\/International\/wp-json\/wp\/v2\/comments?post=84477"}],"version-history":[{"count":0,"href":"https:\/\/linitiative.ca\/International\/wp-json\/wp\/v2\/posts\/84477\/revisions"}],"wp:featuredmedia":[{"embeddable":true,"href":"https:\/\/linitiative.ca\/International\/wp-json\/"}],"wp:attachment":[{"href":"https:\/\/linitiative.ca\/International\/wp-json\/wp\/v2\/media?parent=84477"}],"wp:term":[{"taxonomy":"category","embeddable":true,"href":"https:\/\/linitiative.ca\/International\/wp-json\/wp\/v2\/categories?post=84477"},{"taxonomy":"post_tag","embeddable":true,"href":"https:\/\/linitiative.ca\/International\/wp-json\/wp\/v2\/tags?post=84477"}],"curies":[{"name":"wp","href":"https:\/\/api.w.org\/{rel}","templated":true}]}}