{"id":84481,"date":"2020-05-06T09:31:41","date_gmt":"2020-05-06T13:31:41","guid":{"rendered":"https:\/\/linitiative.ca\/International\/le-maroc-de-lapres-corona\/"},"modified":"2020-05-06T09:31:41","modified_gmt":"2020-05-06T13:31:41","slug":"le-maroc-de-lapres-corona","status":"publish","type":"post","link":"https:\/\/linitiative.ca\/International\/le-maroc-de-lapres-corona\/","title":{"rendered":"Le Maroc de l\u2019apr\u00e8s Corona!"},"content":{"rendered":"<p class=\"has-text-color has-vivid-cyan-blue-color\"><strong>L\u2019illustre dramaturge du XVIIe Si\u00e8cle, Moli\u00e8re, disait un jour : \u00abnul ne peut atteindre l\u2019aube sans passer par le chemin de la nuit !\u00bb. Cette litote qui pourrait para\u00eetre anodine, en dit long, dans l\u2019\u00e9tat d\u2019esprit qu\u2019on vit \u00e0 pr\u00e9sent, avec cette pand\u00e9mie sardonique. Une seule question qui s\u2019empare de toutes les bouches, aujourd\u2019hui, c\u2019est bel et bien: \u00abquand serait-on, enfin, sorti de la crise virale ?\u00bb.<\/strong><\/p>\n<p>Le m\u00eame tracas hante les peuples de la plan\u00e8te, plus au moins, bien confin\u00e9s, \u00e0 longueur de journ\u00e9es. Chez nous, la lutte continue sur les tranch\u00e9es de la premi\u00e8re ligne, pour neutraliser un virus qui s\u2019obstine \u00e0 occire au quotidien des \u00e2mes de tous bords. Notre pays tient bon la barre afin de parvenir \u00e0 bon port, aux larges des temp\u00eates sanitaires.<\/p>\n<p>A percevoir chaque jour, des milliers de patients qui succombent dans les h\u00f4pitaux, \u00e0 travers de nombreux pays, on aura plut\u00f4t tendance \u00e0 \u00a0pousser des soupirs de soulagement, quoique leur sort ne fasse qu\u2019attrister tout l\u2019entourage. Il est bien vrai que, au fur et \u00e0 mesure, le bout du tunnel d\u2019entrevoit, tel une lueur salvatrice. Le nombre croissant des r\u00e9missions r\u00e9chauffe les c\u0153urs, en m\u00eame temps que les d\u00e9c\u00e8s qui, au fil du temps, s\u2019effilochent, non sans r\u00e9jouissance non plus. Il n\u2019en demeure pas moins vrai que les mesures prises, jusqu\u2019\u00e0 pr\u00e9sent ne cessent de prouver leur efficacit\u00e9.<\/p>\n<p>Depuis d\u00e9j\u00e0 les tout premi\u00e8res apparitions de l\u2019\u00e9pid\u00e9mie, on avait bien fait d\u2019anticiper sur une multitude de d\u00e9marches \u00e0 entreprendre, au moment opportun, avec sagacit\u00e9 et discernement. En d\u00e9pit de la cruaut\u00e9 \u00a0des restrictions qui pleuvaient \u00e0 hue et \u00e0 dia sur l\u2019ensemble du royaume, le peuple r\u00e9pondait \u00e0 la lettre aux appels des pouvoirs publics, sans la moindre r\u00e9bellion. A n\u2019en pas douter, l\u2019Etat par le biais de ses multiples autorit\u00e9s, inspire confiance, m\u00eame si toutes ses d\u00e9cisions vont \u00e0 l\u2019encontre du gagne-pain quotidien, pour la majeure partie des franges sociales. Le r\u00f4le de l\u2019Etat dans ce genre d\u2019\u00e9preuves s\u2019av\u00e8rera d\u00e9terminant.<\/p>\n<p>Et puis surgissent, petit \u00e0 petit, toutes les \u00e9nergies cr\u00e9atives de la soci\u00e9t\u00e9, par le biais de tous ses jeunes qui produisent ces merveilles qui font admirer le monde. Le masque et le respirateur qui \u00e9chappent peut-\u00eatre, \u00e0 la nomenclature industrielle du pays, s\u2019\u00e9rigent en outils d\u2019excellence propres au g\u00e9nie marocain qui jalonne aujourd\u2019hui, l\u2019immense continent de la premi\u00e8re puissance mondiale.<\/p>\n<p>O\u00f9 \u00e9tait-il cach\u00e9 tout ce potentiel qui jaillit subitement dans les d\u00e9dales de la soci\u00e9t\u00e9 marocaine\u00a0? Il aurait fallu que la pand\u00e9mie survienne pour s\u2019en rendre compte, au moment crucial du combat contre la propagation du virus.<\/p>\n<p>Ces prodiges qu\u2019on aurait bien d\u00fb aller d\u00e9nicher dans les entrailles du Maroc profond, se seraient \u00e9panouis dans les divers segments de la vie active si on s\u2019\u00e9tait correctement occup\u00e9, d\u00e8s leur bas \u00e2ge, de leur formation, de leur sant\u00e9, de leur emploi, de leur mati\u00e8re grise. Ce gisement humain dont pullule le pays ne figurait que rarement dans les agendas du d\u00e9veloppent, puisque l\u2019\u00e9cole publique et le soin m\u00e9dical sont rel\u00e9gu\u00e9s au second plan, au profit de la profusion des pratiques ignobles comme la d\u00e9liquescence, la rente et le monopole illicite dont s\u2019accapare une minorit\u00e9 de la nation.<\/p>\n<p>Aujourd\u2019hui, on n\u2019a plus le droit de d\u00e9cevoir tout un peuple, apr\u00e8s l\u2019avoir \u00ab\u00e9cras\u00e9\u00bb pour sortir indemne de la crise end\u00e9mique. Il ne serait, sans doute, plus possible de faire subsister ind\u00e9finiment cette conduite tant sectaire qu\u2019abjecte \u00e0 l\u2019\u00e9gard de ce tr\u00e9sor intarissable dont regorge le pays. Certes, le Maroc est en passe de r\u00e9ussir cette phase de la\u00a0 crise \u00e9pid\u00e9mique, non sans d\u00e9g\u00e2ts aussi bien humains qu\u2019\u00e9conomiques.<\/p>\n<p>Demain, il se r\u00e9veillera avec une phase suivante encore plus d\u00e9routante. Il se rel\u00e8vera avec une entreprise en mauvaise \u00e9tat, un commerce mal au point, un tourisme chaotique, une industrie endommag\u00e9e, une \u00e9conomie d\u00e9sempar\u00e9e et une population d\u00e9contenanc\u00e9. Tout semble \u00e0 refaire pour se remettre en selle. Ce serait une bonne occasion de tout remettre en question, en termes de mod\u00e8le de d\u00e9veloppement qui causait beaucoup trop de tort \u00e0 un pays qu\u2019on comptait parmi les plus \u00e9mergents, \u00e0 voir ses prouesses en mati\u00e8re des grands chantiers.<\/p>\n<p>Un autre mod\u00e8le est en train de s\u2019imposer au lendemain de la pand\u00e9mie, fond\u00e9 sur l\u2019\u00e9closion des jeunes qui frappent pressement aux portes de la transition, sur la mise en \u0153uvre d\u2019une nouvelle perception de la question politique et d\u00e9mocratique, sur la mise en place des assises de haute priorit\u00e9, notamment l\u2019\u00e9ducation et la sant\u00e9 et sur la fortification des valeurs de la confiance, du civisme et de la solidarit\u00e9, sciemment mises \u00e0 contribution en ces moments de crise sanitaire\u2026Par le biais de ces atouts \u00a0dont la place de choix reviendrait au peuple, on mettrait fin au marasme de la disparit\u00e9 sociale et territoriale, au cynisme de l\u2019h\u00e9g\u00e9monie des nantis et au sarcasme de la d\u00e9pravation puante. L\u2019aube, sortie des t\u00e9n\u00e8bres dont parla l\u2019ing\u00e9nieux cr\u00e9ateur de la fameuse pi\u00e8ce du \u00abbourgeois gentilhomme\u00bb, ne serait plus qu\u2019une question de temps!<\/p>\n<p>Auteur: M&rsquo;hammed rahal<br \/>\n<a href=\"http:\/\/albayane.press.ma\/le-maroc-de-lapres-corona.html\">Cliquez ici pour lire l&rsquo;article depuis sa source.<\/a><\/p>\n","protected":false},"excerpt":{"rendered":"<p>L\u2019illustre dramaturge du XVIIe Si\u00e8cle, Moli\u00e8re, disait un jour : \u00abnul ne peut atteindre l\u2019aube sans passer par le chemin de la nuit !\u00bb. Cette litote qui pourrait para\u00eetre anodine, en dit long, dans l\u2019\u00e9tat d\u2019esprit qu\u2019on vit \u00e0 pr\u00e9sent, avec cette pand\u00e9mie sardonique. Une seule question qui s\u2019empare de toutes les bouches, aujourd\u2019hui, c\u2019est [&hellip;]<\/p>\n","protected":false},"author":1760,"featured_media":0,"comment_status":"closed","ping_status":"closed","sticky":false,"template":"","format":"standard","meta":{"fifu_image_url":"","fifu_image_alt":"","footnotes":""},"categories":[73,54],"tags":[],"class_list":["post-84481","post","type-post","status-publish","format-standard","hentry","category-actualite","category-maroc"],"_links":{"self":[{"href":"https:\/\/linitiative.ca\/International\/wp-json\/wp\/v2\/posts\/84481","targetHints":{"allow":["GET"]}}],"collection":[{"href":"https:\/\/linitiative.ca\/International\/wp-json\/wp\/v2\/posts"}],"about":[{"href":"https:\/\/linitiative.ca\/International\/wp-json\/wp\/v2\/types\/post"}],"author":[{"embeddable":true,"href":"https:\/\/linitiative.ca\/International\/wp-json\/wp\/v2\/users\/1760"}],"replies":[{"embeddable":true,"href":"https:\/\/linitiative.ca\/International\/wp-json\/wp\/v2\/comments?post=84481"}],"version-history":[{"count":0,"href":"https:\/\/linitiative.ca\/International\/wp-json\/wp\/v2\/posts\/84481\/revisions"}],"wp:attachment":[{"href":"https:\/\/linitiative.ca\/International\/wp-json\/wp\/v2\/media?parent=84481"}],"wp:term":[{"taxonomy":"category","embeddable":true,"href":"https:\/\/linitiative.ca\/International\/wp-json\/wp\/v2\/categories?post=84481"},{"taxonomy":"post_tag","embeddable":true,"href":"https:\/\/linitiative.ca\/International\/wp-json\/wp\/v2\/tags?post=84481"}],"curies":[{"name":"wp","href":"https:\/\/api.w.org\/{rel}","templated":true}]}}