{"id":84482,"date":"2020-05-06T09:34:55","date_gmt":"2020-05-06T13:34:55","guid":{"rendered":"https:\/\/linitiative.ca\/International\/quelle-place-pour-le-maroc-dans-le-monde-de-lapres-pandemie\/"},"modified":"2020-05-06T09:34:55","modified_gmt":"2020-05-06T13:34:55","slug":"quelle-place-pour-le-maroc-dans-le-monde-de-lapres-pandemie","status":"publish","type":"post","link":"https:\/\/linitiative.ca\/International\/quelle-place-pour-le-maroc-dans-le-monde-de-lapres-pandemie\/","title":{"rendered":"Quelle place pour le Maroc dans le monde de l\u2019apr\u00e8s-pand\u00e9mie?"},"content":{"rendered":"<p class=\"c2\"><strong>Par: Abdeslam Seddiki<\/strong><\/p>\n<p><strong>Apr\u00e8s avoir analys\u00e9 \u00e0 grands traits, dans des articles pr\u00e9c\u00e9dents, les pistes de sortie de la crise \u00e9conomique, n\u00e9e de la crise sanitaire et propos\u00e9 des clefs pour la relance \u00e9conomique, nous voudrions, \u00a0dans cette chronique, \u00a0\u00a0nous interroger sur la place du Maroc \u00a0sur l\u2019ar\u00e8ne internationale \u00a0et son positionnement sur le march\u00e9 mondial en\u00a0 \u00a0tenant compte des nouveaux rapports de force qui se profilent \u00e0 l\u2019horizon.<\/strong><\/p>\n<p>En effet, il est commun\u00e9ment admis que le monde de l\u2019apr\u00e8s sera diff\u00e9rent de celui de l\u2019avant. La mondialisation qui a \u00e9t\u00e9 s\u00e9rieusement \u00e9branl\u00e9e\u00a0 par la secousse sanitaire et ses cons\u00e9quences \u00e9conomiques et g\u00e9opolitiques subirait forc\u00e9ment des am\u00e9nagements dont les contours ne tarderont pas \u00e0 se pr\u00e9ciser dans les mois qui viennent.\u00a0 La crise que nous vivons intens\u00e9ment est in\u00e9dite. Pour la premi\u00e8re fois dans l\u2019histoire de l\u2019humanit\u00e9, on assiste \u00e0 un arr\u00eat quasi-total de l\u2019activit\u00e9 \u00e9conomique, \u00e0 un confinement de plus de moiti\u00e9 des habitants du globe et \u00e0 un ralentissement sans pr\u00e9c\u00e9dent de la\u00a0 \u00a0circulation des marchandises, mettant ainsi la plan\u00e8te en \u00abmode de veille\u00bb.<\/p>\n<p>Pour la premi\u00e8re fois, les esp\u00e8ces animales jouissent de plus de libert\u00e9 que les esp\u00e8ces humaines ! Face \u00e0 une telle situation, \u00e9nigmatique pour certains et complexe pour d\u2019autres, chacun y va de sa propre investigation pour imaginer le monde de demain. Ce qui a fait dire \u00e0 Edgar Morin\u00a0 que \u00abl\u2019apr\u00e8s\u00ad \u00e9pid\u00e9mie sera une aventure incertaine o\u00f9 se d\u00e9velopperont les forces du pire et celles du meilleur, ces derni\u00e8res \u00e9tant encore faibles et dispers\u00e9es. Sachons enfin que le pire n\u2019est pas s\u00fbr, que l\u2019improbable peut advenir, et que, dans le titanesque et inextinguible combat entre les ennemis ins\u00e9parables que sont Eros et Thanatos, il est sain et tonique de prendre le parti d\u2019Eros\u00bb. (Le Monde 19-20 avril 2020).En somme,\u00a0 c\u2019est un combat entre l\u2019amour (Eros)\u00a0 \u00a0et la mort (Thanatos).<\/p>\n<p>Il faut reconnaitre que ce combat qui \u00a0a commenc\u00e9 depuis des ann\u00e9es avec des tr\u00eaves p\u00e9riodiques, va \u00e0 coup s\u00fbr s\u2019aiguiser \u00e0 l\u2019avenir. Il opposera ceux qui privil\u00e9gient la mort\u00a0 pour prot\u00e9ger les profits et ceux qui s\u2019attachent \u00e0 la vie co\u00fbte que co\u00fbte. D\u2019ores et d\u00e9j\u00e0, le capitalisme financier international et les soci\u00e9t\u00e9s \u00a0multinationales se mettent en ordre de bataille\u00a0 pour d\u00e9fendre bec et ongle les bienfaits de la mondialisation\u00a0 en instrumentalisant\u00a0 des centres de recherche, des think-tank et une partie de la presse aux ordres. Il s\u2019agit pour le grand capital \u00a0transfrontalier de continuer \u00abapr\u00e8s\u00bb exactement comme\u00a0 \u00abavant\u00bb et consid\u00e9rer cette crise comme un simple accident de parcours. Va-t-il imposer de nouveau son diktat aux diff\u00e9rents gouvernements ? Nous ne le pensons pas.<\/p>\n<p>Par contre, la voie qui nous semble\u00a0 plausible\u00a0 est celle qui s\u2019inscrit dans le cours de l\u2019Histoire et des aspirations de l\u2019humanit\u00e9. Celle qui privil\u00e9gie la vie et la dignit\u00e9 humaine sur toute autre consid\u00e9ration. Celle qui a pr\u00e9valu au cours de cette p\u00e9riode de crise sanitaire et qui a \u00e9veill\u00e9 les consciences de toutes parts. Celle qui nous m\u00e8ne \u00a0droit vers une \u00abmondialisation \u00e0 visage humain\u00bb, rompant avec \u00a0celle qui nous a \u00e9t\u00e9 impos\u00e9e par le capitalisme n\u00e9o-lib\u00e9ral\u00a0 et la finance internationale. Cette \u00a0mondialisation alternative, construite par et pour les\u00a0 peuples d\u00e9sireux de vivre en communion, est seule \u00e0 m\u00eame de b\u00e2tir\u00a0 un monde solidaire et harmonieux. Personne n\u2019a int\u00e9r\u00eat \u00e0 se replier sur son propre jardin en tournant le dos\u00a0 aux autres, \u00e7a serait une grande d\u00e9cadence de la civilisation humaine. Nous ressentons tous le besoin de nous d\u00e9placer, d\u2019\u00e9changer non seulement des biens marchands, mais des cultures et des exp\u00e9riences, de nous enrichir mutuellement de tout ce qui est beau dans la vie, de partager nos heurs et malheurs.<\/p>\n<p>La mondialisation dont on a besoin est une mondialisation qui apporte des solutions globales aux probl\u00e8mes globaux\u00a0 que nous connaissons tels que le r\u00e9chauffement climatique, les conflits arm\u00e9s, le probl\u00e8me de la faim\u00a0 et de mal nutrition, les migrations forc\u00e9es et volontaires, le terrorisme \u2026Toutes ces probl\u00e9matiques exigent une nouvelle gouvernance mondiale qui soit diff\u00e9rente de celle h\u00e9rit\u00e9e de la deuxi\u00e8me guerre mondiale. Des ruptures doivent absolument s\u2019op\u00e9rer dans tous les organismes internationaux et r\u00e9gionaux pour assurer un nouvel \u00e9quilibre mondial. A commencer par le syst\u00e8me des Nations Unies (ONU et organismes subsidiaires, Conseil de S\u00e9curit\u00e9), le syst\u00e8me de Brettonwoods (BM, FMI, OMC). Ces organismes\u00a0 ne sont plus op\u00e9rationnels et ne r\u00e9pondent pas aux attentes des gouvernements et des peuples.<\/p>\n<p>Notre pays, comme il l\u2019a toujours fait, se doit d\u2019\u00eatre \u00e0 l\u2019avant-garde de ce mouvement. C\u2019est le moment \u00a0de se repositionner sur l\u2019ar\u00e8ne internationale\u00a0 pour militer en faveur d\u2019un nouvel ordre international qui \u00e9pargnerait \u00e0 l\u2019humanit\u00e9 les \u00a0dangers et les \u00a0souffrances qui la menacent.\u00a0 En lan\u00e7ant l\u2019initiative \u00a0africaine en vue d\u2019un traitement collectif de la pand\u00e9mie covid-19, SM Le Roi a montr\u00e9 la voie \u00e0 suivre. Celle de d\u00e9passer des approches \u00e9go\u00efstes et des solutions strictement \u00a0nationales \u00a0face \u00e0 un virus qui est d\u2019essence mobile et qui ne connait ni fronti\u00e8res, ni race, ni origine sociale. Une telle approche, empreinte d\u2019humanisme et de solidarit\u00e9 doit servir d\u2019exemple pour traiter les autres probl\u00e9matiques. C\u2019est cette communaut\u00e9 de destin qui nous am\u00e8nera, \u00e0 changer notre mode de pens\u00e9e et notre mani\u00e8re d\u2019agir.<\/p>\n<p>Bien s\u00fbr, \u00a0\u00abla difficult\u00e9 n\u2019est pas de comprendre les id\u00e9es nouvelles, mais d\u2019\u00e9chapper aux id\u00e9es anciennes\u00bb comme l\u2019\u00e9crivait dans un autre contexte J. M Keynes.<\/p>\n<p>Auteur: M&rsquo;hammed rahal<br \/>\n<a href=\"http:\/\/albayane.press.ma\/quelle-place-pour-le-maroc-dans-le-monde-de-lapres-pandemie.html\">Cliquez ici pour lire l&rsquo;article depuis sa source.<\/a><\/p>\n","protected":false},"excerpt":{"rendered":"<p>Par: Abdeslam Seddiki Apr\u00e8s avoir analys\u00e9 \u00e0 grands traits, dans des articles pr\u00e9c\u00e9dents, les pistes de sortie de la crise \u00e9conomique, n\u00e9e de la crise sanitaire et propos\u00e9 des clefs pour la relance \u00e9conomique, nous voudrions, \u00a0dans cette chronique, \u00a0\u00a0nous interroger sur la place du Maroc \u00a0sur l\u2019ar\u00e8ne internationale \u00a0et son positionnement sur le march\u00e9 [&hellip;]<\/p>\n","protected":false},"author":1760,"featured_media":0,"comment_status":"closed","ping_status":"closed","sticky":false,"template":"","format":"standard","meta":{"fifu_image_url":"","fifu_image_alt":"","footnotes":""},"categories":[73,54],"tags":[],"class_list":["post-84482","post","type-post","status-publish","format-standard","hentry","category-actualite","category-maroc"],"_links":{"self":[{"href":"https:\/\/linitiative.ca\/International\/wp-json\/wp\/v2\/posts\/84482","targetHints":{"allow":["GET"]}}],"collection":[{"href":"https:\/\/linitiative.ca\/International\/wp-json\/wp\/v2\/posts"}],"about":[{"href":"https:\/\/linitiative.ca\/International\/wp-json\/wp\/v2\/types\/post"}],"author":[{"embeddable":true,"href":"https:\/\/linitiative.ca\/International\/wp-json\/wp\/v2\/users\/1760"}],"replies":[{"embeddable":true,"href":"https:\/\/linitiative.ca\/International\/wp-json\/wp\/v2\/comments?post=84482"}],"version-history":[{"count":0,"href":"https:\/\/linitiative.ca\/International\/wp-json\/wp\/v2\/posts\/84482\/revisions"}],"wp:attachment":[{"href":"https:\/\/linitiative.ca\/International\/wp-json\/wp\/v2\/media?parent=84482"}],"wp:term":[{"taxonomy":"category","embeddable":true,"href":"https:\/\/linitiative.ca\/International\/wp-json\/wp\/v2\/categories?post=84482"},{"taxonomy":"post_tag","embeddable":true,"href":"https:\/\/linitiative.ca\/International\/wp-json\/wp\/v2\/tags?post=84482"}],"curies":[{"name":"wp","href":"https:\/\/api.w.org\/{rel}","templated":true}]}}