{"id":84485,"date":"2020-05-06T07:44:01","date_gmt":"2020-05-06T11:44:01","guid":{"rendered":"https:\/\/linitiative.ca\/International\/declarations-fiscales-le-paiement-des-amendes-de-retard-repousse-a-fin-mai\/"},"modified":"2020-05-06T07:44:01","modified_gmt":"2020-05-06T11:44:01","slug":"declarations-fiscales-le-paiement-des-amendes-de-retard-repousse-a-fin-mai","status":"publish","type":"post","link":"https:\/\/linitiative.ca\/International\/declarations-fiscales-le-paiement-des-amendes-de-retard-repousse-a-fin-mai\/","title":{"rendered":"D\u00e9clarations fiscales :  Le paiement des amendes de retard repouss\u00e9 \u00e0 fin mai"},"content":{"rendered":"<p>Le paiement des amendes de retard au titre des d\u00e9clarations fiscales qui devaient \u00eatre normalement appliqu\u00e9es durant la p\u00e9riode allant du 23 mars \u00e0 fin avril 2020, a \u00e9t\u00e9 repouss\u00e9 \u00e0 fin mai 2020, pour les contribuables non- adh\u00e9rents et ce, en application du syst\u00e8me de d\u00e9claration de paiement des imp\u00f4ts \u00e0 distance, selon un communiqu\u00e9 publi\u00e9 mardi, le minist\u00e8re des Finances<\/p>\n<p>Le minist\u00e8re a rappel\u00e9 que cette d\u00e9cision se r\u00e9f\u00e8re aux dispositions des articles 8 et 13, de l\u2019arr\u00eat\u00e9 n\u00b06 datant du 16 avril 2020, portant sur des mesures fiscales et financi\u00e8res visant \u00e0 all\u00e9ger la gravit\u00e9 des r\u00e9percussions de l\u2019\u00e9pid\u00e9mie de coronavirus \u00bb COVID-19 \u00ab .<\/p>\n<p>Il a appel\u00e9 les personnes physiques soumises au r\u00e9gime r\u00e9el ainsi que les personnes morales parmi les non-adh\u00e9rentes auparavant au syst\u00e8me de d\u00e9claration et de paiement d\u2019imp\u00f4ts \u00e0 distance, \u00e0 poursuivre les op\u00e9rations de d\u00e9claration et de paiement des imp\u00f4ts \u00e0 distance, en adoptant la d\u00e9marche annonc\u00e9 dans son communiqu\u00e9 du 27 avril 2020, afin de respecter le mesures du d\u00e9confinement progressif et cibl\u00e9, mise en application.<\/p>\n<div class=\"wp-post-author-wrap wp-post-author-shortcode left\">\n<h3 class=\"awpa-title\"\/>\n<div class=\"wp-post-author\">\n<div class=\"awpa-img awpa-author-block square\"><a href=\"http:\/\/lexpertjournal.net\/fr\/?author=5\"><img loading=\"lazy\" decoding=\"async\" alt=\"\" src=\"http:\/\/0.gravatar.com\/avatar\/97f8e10a1c1125ba104a76514ee07b16?s=150&amp;d=mm&amp;r=g\" srcset=\"http:\/\/0.gravatar.com\/avatar\/97f8e10a1c1125ba104a76514ee07b16?s=300&amp;d=mm&amp;r=g 2x\" class=\"avatar avatar-150 photo\" height=\"150\" width=\"150\"\/><\/a><\/div>\n<\/div>\n<\/div>\n<aside class=\"mashsb-container mashsb-main mashsb-stretched\">\n<\/aside>\n<p>Auteur: L&rsquo;expert<br \/>\n<a href=\"http:\/\/lexpertjournal.net\/fr\/?p=14557\">Cliquez ici pour lire l&rsquo;article depuis sa source.<\/a><\/p>\n","protected":false},"excerpt":{"rendered":"<p>Le paiement des amendes de retard au titre des d\u00e9clarations fiscales qui devaient \u00eatre normalement appliqu\u00e9es durant la p\u00e9riode allant du 23 mars \u00e0 fin avril 2020, a \u00e9t\u00e9 repouss\u00e9 \u00e0 fin mai 2020, pour les contribuables non- adh\u00e9rents et ce, en application du syst\u00e8me de d\u00e9claration de paiement des imp\u00f4ts \u00e0 distance, selon un [&hellip;]<\/p>\n","protected":false},"author":1775,"featured_media":0,"comment_status":"closed","ping_status":"closed","sticky":false,"template":"","format":"standard","meta":{"fifu_image_url":"","fifu_image_alt":"","footnotes":""},"categories":[78,55],"tags":[],"class_list":["post-84485","post","type-post","status-publish","format-standard","hentry","category-economie","category-tunisie"],"_links":{"self":[{"href":"https:\/\/linitiative.ca\/International\/wp-json\/wp\/v2\/posts\/84485","targetHints":{"allow":["GET"]}}],"collection":[{"href":"https:\/\/linitiative.ca\/International\/wp-json\/wp\/v2\/posts"}],"about":[{"href":"https:\/\/linitiative.ca\/International\/wp-json\/wp\/v2\/types\/post"}],"author":[{"embeddable":true,"href":"https:\/\/linitiative.ca\/International\/wp-json\/wp\/v2\/users\/1775"}],"replies":[{"embeddable":true,"href":"https:\/\/linitiative.ca\/International\/wp-json\/wp\/v2\/comments?post=84485"}],"version-history":[{"count":0,"href":"https:\/\/linitiative.ca\/International\/wp-json\/wp\/v2\/posts\/84485\/revisions"}],"wp:attachment":[{"href":"https:\/\/linitiative.ca\/International\/wp-json\/wp\/v2\/media?parent=84485"}],"wp:term":[{"taxonomy":"category","embeddable":true,"href":"https:\/\/linitiative.ca\/International\/wp-json\/wp\/v2\/categories?post=84485"},{"taxonomy":"post_tag","embeddable":true,"href":"https:\/\/linitiative.ca\/International\/wp-json\/wp\/v2\/tags?post=84485"}],"curies":[{"name":"wp","href":"https:\/\/api.w.org\/{rel}","templated":true}]}}