{"id":84486,"date":"2020-05-06T07:49:39","date_gmt":"2020-05-06T11:49:39","guid":{"rendered":"https:\/\/linitiative.ca\/International\/etudiants-bloques-en-france-programmation-des-vols-de-rapatriement-a-partir-daujourdhui\/"},"modified":"2020-05-06T07:49:39","modified_gmt":"2020-05-06T11:49:39","slug":"etudiants-bloques-en-france-programmation-des-vols-de-rapatriement-a-partir-daujourdhui","status":"publish","type":"post","link":"https:\/\/linitiative.ca\/International\/etudiants-bloques-en-france-programmation-des-vols-de-rapatriement-a-partir-daujourdhui\/","title":{"rendered":"Etudiants bloqu\u00e9s en France : Programmation des vols de rapatriement \u00e0 partir d\u2019aujourd\u2019hui"},"content":{"rendered":"<p>Le minist\u00e8re de l\u2019Enseignement sup\u00e9rieur et de la Recherche scientifique a annonc\u00e9, mardi dans un communiqu\u00e9, que les vols de rapatriement des \u00e9tudiants tunisiens bloqu\u00e9s en France, sont programm\u00e9s \u00e0 partir d\u2019aujourd\u2019hui, mercredi 6 mai 2020, selon un calendrier fix\u00e9.<\/p>\n<p>Les vols de rapatriement des \u00e9tudiants tunisiens bloqu\u00e9s en France sont au nombre de trois: un premier vol est programm\u00e9 pour demain mercredi 6 mai depuis Paris, Nice et Nantes, un deuxi\u00e8me vol, programm\u00e9 pour le 7 mai en provenance de Paris et de Toulouse, le troisi\u00e8me vol sera assur\u00e9 depuis Marseille et Lyon, le 8 mai 2020, selon le communiqu\u00e9.<\/p>\n<p>Le minist\u00e8re de l\u2019Enseignement sup\u00e9rieur a indiqu\u00e9 qu\u2019une cellule a \u00e9t\u00e9 mise en place au sein du minist\u00e8re pour faire le suivi de la situation des \u00e9tudiants tunisiens \u00e0 l\u2019\u00e9tranger souhaitant rentrer en Tunisie, qu\u2019ils soient ou pas, b\u00e9n\u00e9ficiaires d\u2019une bourse et ce, dans un contexte de la lutte contre le Coronavirus.<\/p>\n<p>Le minist\u00e8re de l\u2019Enseignement sup\u00e9rieur et de la Recherche scientifique a coordonn\u00e9 avec les minist\u00e8res des Affaires Etrang\u00e8res et des Transports ainsi qu\u2019avec les missions diplomatiques et estudiantines dans les pays d\u2019accueil pour garantir toutes les bonnes conditions de rapatriement, a indiqu\u00e9 la m\u00eame source.<\/p>\n<div class=\"wp-post-author-wrap wp-post-author-shortcode left\">\n<h3 class=\"awpa-title\"\/>\n<div class=\"wp-post-author\">\n<div class=\"awpa-img awpa-author-block square\"><a href=\"http:\/\/lexpertjournal.net\/fr\/?author=5\"><img loading=\"lazy\" decoding=\"async\" alt=\"\" src=\"http:\/\/0.gravatar.com\/avatar\/97f8e10a1c1125ba104a76514ee07b16?s=150&amp;d=mm&amp;r=g\" srcset=\"http:\/\/0.gravatar.com\/avatar\/97f8e10a1c1125ba104a76514ee07b16?s=300&amp;d=mm&amp;r=g 2x\" class=\"avatar avatar-150 photo\" height=\"150\" width=\"150\"\/><\/a><\/div>\n<\/div>\n<\/div>\n<aside class=\"mashsb-container mashsb-main mashsb-stretched\">\n<\/aside>\n<p>Auteur: L&rsquo;expert<br \/>\n<a href=\"http:\/\/lexpertjournal.net\/fr\/?p=14560\">Cliquez ici pour lire l&rsquo;article depuis sa source.<\/a><\/p>\n","protected":false},"excerpt":{"rendered":"<p>Le minist\u00e8re de l\u2019Enseignement sup\u00e9rieur et de la Recherche scientifique a annonc\u00e9, mardi dans un communiqu\u00e9, que les vols de rapatriement des \u00e9tudiants tunisiens bloqu\u00e9s en France, sont programm\u00e9s \u00e0 partir d\u2019aujourd\u2019hui, mercredi 6 mai 2020, selon un calendrier fix\u00e9. Les vols de rapatriement des \u00e9tudiants tunisiens bloqu\u00e9s en France sont au nombre de trois: [&hellip;]<\/p>\n","protected":false},"author":1775,"featured_media":0,"comment_status":"closed","ping_status":"closed","sticky":false,"template":"","format":"standard","meta":{"fifu_image_url":"","fifu_image_alt":"","footnotes":""},"categories":[78,55],"tags":[],"class_list":["post-84486","post","type-post","status-publish","format-standard","hentry","category-economie","category-tunisie"],"_links":{"self":[{"href":"https:\/\/linitiative.ca\/International\/wp-json\/wp\/v2\/posts\/84486","targetHints":{"allow":["GET"]}}],"collection":[{"href":"https:\/\/linitiative.ca\/International\/wp-json\/wp\/v2\/posts"}],"about":[{"href":"https:\/\/linitiative.ca\/International\/wp-json\/wp\/v2\/types\/post"}],"author":[{"embeddable":true,"href":"https:\/\/linitiative.ca\/International\/wp-json\/wp\/v2\/users\/1775"}],"replies":[{"embeddable":true,"href":"https:\/\/linitiative.ca\/International\/wp-json\/wp\/v2\/comments?post=84486"}],"version-history":[{"count":0,"href":"https:\/\/linitiative.ca\/International\/wp-json\/wp\/v2\/posts\/84486\/revisions"}],"wp:attachment":[{"href":"https:\/\/linitiative.ca\/International\/wp-json\/wp\/v2\/media?parent=84486"}],"wp:term":[{"taxonomy":"category","embeddable":true,"href":"https:\/\/linitiative.ca\/International\/wp-json\/wp\/v2\/categories?post=84486"},{"taxonomy":"post_tag","embeddable":true,"href":"https:\/\/linitiative.ca\/International\/wp-json\/wp\/v2\/tags?post=84486"}],"curies":[{"name":"wp","href":"https:\/\/api.w.org\/{rel}","templated":true}]}}